{"id":208122,"date":"2025-12-30T15:49:08","date_gmt":"2025-12-30T15:49:08","guid":{"rendered":"https:\/\/www.europesays.com\/pt\/208122\/"},"modified":"2025-12-30T15:49:08","modified_gmt":"2025-12-30T15:49:08","slug":"cadastrado-agrediu-homem-por-vinganca-e-deixou-o-em-estado-muito-grave","status":"publish","type":"post","link":"https:\/\/www.europesays.com\/pt\/208122\/","title":{"rendered":"Cadastrado agrediu homem por vingan\u00e7a e deixou-o em estado muito grave"},"content":{"rendered":"<p data-remotead-prev-elm=\"true\" data-remotead-elm-id=\"inread\">Segundo a PSP, o suspeito aguardou a v\u00edtima junto \u00e0 sua resid\u00eancia e agrediu-a de forma reiterada na zona da face, recorrendo a uma navalha fechada usada como soqueira, com uma viol\u00eancia que provocou ferimentos graves no agredido, que permanece internado no hospital.<\/p>\n<p>&#8220;Face ao grau de viol\u00eancia exercida, especial perversidade das agress\u00f5es, total desprezo e desrespeito pelas normas vigentes na sociedade, risco de fuga e fundado perigo para a continua\u00e7\u00e3o da atividade criminosa, foi emitido mandado de deten\u00e7\u00e3o fora de flagrante delito&#8221;, revelou a PSP, em comunicado divulgado esta ter\u00e7a-feira.<\/p>\n<p>O ataque foi concretizado &#8220;a t\u00edtulo de vingan\u00e7a por raz\u00f5es de ordem pessoal&#8221; e o detido, que conta j\u00e1 com v\u00e1rios antecedentes pela pr\u00e1tica de crimes contra a integridade f\u00edsica, recolheu \u00e0s salas de deten\u00e7\u00e3o para ser presente, hoje, em tribunal.<\/p>\n","protected":false},"excerpt":{"rendered":"Segundo a PSP, o suspeito aguardou a v\u00edtima junto \u00e0 sua resid\u00eancia e agrediu-a de forma reiterada na&hellip;\n","protected":false},"author":2,"featured_media":208123,"comment_status":"","ping_status":"","sticky":false,"template":"","format":"standard","meta":{"footnotes":""},"categories":[10],"tags":[23243,27,28,15,16,14,603,25,26,21,22,12,13,19,20,32,23,24,1306,33,17,18,29,30,31,40966,3097],"class_list":{"0":"post-208122","1":"post","2":"type-post","3":"status-publish","4":"format-standard","5":"has-post-thumbnail","7":"category-portugal","8":"tag-agressoes","9":"tag-breaking-news","10":"tag-breakingnews","11":"tag-featured-news","12":"tag-featurednews","13":"tag-headlines","14":"tag-justica","15":"tag-latest-news","16":"tag-latestnews","17":"tag-main-news","18":"tag-mainnews","19":"tag-news","20":"tag-noticias","21":"tag-noticias-principais","22":"tag-noticiasprincipais","23":"tag-portugal","24":"tag-principais-noticias","25":"tag-principaisnoticias","26":"tag-psp","27":"tag-pt","28":"tag-top-stories","29":"tag-topstories","30":"tag-ultimas","31":"tag-ultimas-noticias","32":"tag-ultimasnoticias","33":"tag-vinganca","34":"tag-violencia"},"share_on_mastodon":{"url":"https:\/\/pubeurope.com\/@pt\/115809312211034040","error":""},"_links":{"self":[{"href":"https:\/\/www.europesays.com\/pt\/wp-json\/wp\/v2\/posts\/208122","targetHints":{"allow":["GET"]}}],"collection":[{"href":"https:\/\/www.europesays.com\/pt\/wp-json\/wp\/v2\/posts"}],"about":[{"href":"https:\/\/www.europesays.com\/pt\/wp-json\/wp\/v2\/types\/post"}],"author":[{"embeddable":true,"href":"https:\/\/www.europesays.com\/pt\/wp-json\/wp\/v2\/users\/2"}],"replies":[{"embeddable":true,"href":"https:\/\/www.europesays.com\/pt\/wp-json\/wp\/v2\/comments?post=208122"}],"version-history":[{"count":0,"href":"https:\/\/www.europesays.com\/pt\/wp-json\/wp\/v2\/posts\/208122\/revisions"}],"wp:featuredmedia":[{"embeddable":true,"href":"https:\/\/www.europesays.com\/pt\/wp-json\/wp\/v2\/media\/208123"}],"wp:attachment":[{"href":"https:\/\/www.europesays.com\/pt\/wp-json\/wp\/v2\/media?parent=208122"}],"wp:term":[{"taxonomy":"category","embeddable":true,"href":"https:\/\/www.europesays.com\/pt\/wp-json\/wp\/v2\/categories?post=208122"},{"taxonomy":"post_tag","embeddable":true,"href":"https:\/\/www.europesays.com\/pt\/wp-json\/wp\/v2\/tags?post=208122"}],"curies":[{"name":"wp","href":"https:\/\/api.w.org\/{rel}","templated":true}]}}