{"id":208133,"date":"2025-12-30T15:57:08","date_gmt":"2025-12-30T15:57:08","guid":{"rendered":"https:\/\/www.europesays.com\/pt\/208133\/"},"modified":"2025-12-30T15:57:08","modified_gmt":"2025-12-30T15:57:08","slug":"gyokeres-comparar-a-liga-portuguesa-a-premier-e-como-agua-e-vinho","status":"publish","type":"post","link":"https:\/\/www.europesays.com\/pt\/208133\/","title":{"rendered":"\u00abGy\u00f6keres? Comparar a Liga portuguesa \u00e0 Premier \u00e9 como \u00e1gua e vinho\u00bb"},"content":{"rendered":"<p>Viktor\u00a0Gy\u00f6keres continua a n\u00e3o ser un\u00e2nime em Inglaterra. Em 21 jogos (nem todos como titular), o avan\u00e7ado sueco soma sete golos. Mikel Arteta tem recorrido n\u00e3o raras vezes ao compatriota Mikel Merino para a posi\u00e7\u00e3o de avan\u00e7ado-centro, apesar deste ser m\u00e9dio de origem.<\/p>\n<p>Em antevis\u00e3o ao Arsenal-Aston Villa desta ter\u00e7a-feira, o antigo avan\u00e7ado ingl\u00eas Charlie Austin defende que Arteta deveria iniciar a partida com Merino na frente em vez do ex-Sporting.<\/p>\n<p>\u00abContinuas a p\u00f4-lo a jogar para tentar coloc\u00e1-lo em forma? Toda a equipa n\u00e3o est\u00e1 a marcar, n\u00e3o \u00e9 apenas culpa dele. Para mim, quem se destaca e est\u00e1 sempre presente \u00e9 o Merino. Sempre que lhe pedem para jogar na frente, ele marca. Quando Gyokeres est\u00e1 l\u00e1 na frente, por alguma raz\u00e3o, ele simplesmente n\u00e3o consegue\u00bb, come\u00e7ou por dizer.<\/p>\n<p>\u00abTalvez ele s\u00f3 precise de tempo para encontrar a sua forma. Sejamos honestos, a Liga portuguesa e a Premier League \u00e9 como giz e queijo [n.d.r. uma express\u00e3o tipicamente inglesa para descrever duas coisas opostas, tal como a portuguesa &#8216;\u00e1gua e vinho&#8217;]. Ent\u00e3o, para mim, eu escolheria Merino esta noite\u00bb, defendeu Austin.\u00a0<\/p>\n<p>\u00abSejamos realistas, ele marca um em cada tr\u00eas jogos. Um em cada tr\u00eas para algu\u00e9m que joga por uma equipa que cria tantas oportunidades no topo da Premier League. Isso n\u00e3o \u00e9 bom o suficiente\u00bb, recordando os mais de 60 milh\u00f5es de euros pagos pelo clube.<\/p>\n","protected":false},"excerpt":{"rendered":"Viktor\u00a0Gy\u00f6keres continua a n\u00e3o ser un\u00e2nime em Inglaterra. Em 21 jogos (nem todos como titular), o avan\u00e7ado sueco&hellip;\n","protected":false},"author":2,"featured_media":196677,"comment_status":"","ping_status":"","sticky":false,"template":"","format":"standard","meta":{"footnotes":""},"categories":[87],"tags":[707,40967,135,44,665,82,46,32,666,33,47,134,1355],"class_list":{"0":"post-208133","1":"post","2":"type-post","3":"status-publish","4":"format-standard","5":"has-post-thumbnail","7":"category-desporto","8":"tag-arsenal","9":"tag-charlie-austin","10":"tag-desporto","11":"tag-gyokeres","12":"tag-inglaterra","13":"tag-internacional","14":"tag-maisfutebol","15":"tag-portugal","16":"tag-premier-league","17":"tag-pt","18":"tag-pura-paixao","19":"tag-sports","20":"tag-viktor-gyokeres"},"share_on_mastodon":{"url":"https:\/\/pubeurope.com\/@pt\/115809343552277836","error":""},"_links":{"self":[{"href":"https:\/\/www.europesays.com\/pt\/wp-json\/wp\/v2\/posts\/208133","targetHints":{"allow":["GET"]}}],"collection":[{"href":"https:\/\/www.europesays.com\/pt\/wp-json\/wp\/v2\/posts"}],"about":[{"href":"https:\/\/www.europesays.com\/pt\/wp-json\/wp\/v2\/types\/post"}],"author":[{"embeddable":true,"href":"https:\/\/www.europesays.com\/pt\/wp-json\/wp\/v2\/users\/2"}],"replies":[{"embeddable":true,"href":"https:\/\/www.europesays.com\/pt\/wp-json\/wp\/v2\/comments?post=208133"}],"version-history":[{"count":0,"href":"https:\/\/www.europesays.com\/pt\/wp-json\/wp\/v2\/posts\/208133\/revisions"}],"wp:featuredmedia":[{"embeddable":true,"href":"https:\/\/www.europesays.com\/pt\/wp-json\/wp\/v2\/media\/196677"}],"wp:attachment":[{"href":"https:\/\/www.europesays.com\/pt\/wp-json\/wp\/v2\/media?parent=208133"}],"wp:term":[{"taxonomy":"category","embeddable":true,"href":"https:\/\/www.europesays.com\/pt\/wp-json\/wp\/v2\/categories?post=208133"},{"taxonomy":"post_tag","embeddable":true,"href":"https:\/\/www.europesays.com\/pt\/wp-json\/wp\/v2\/tags?post=208133"}],"curies":[{"name":"wp","href":"https:\/\/api.w.org\/{rel}","templated":true}]}}