{"id":208138,"date":"2025-12-30T16:03:13","date_gmt":"2025-12-30T16:03:13","guid":{"rendered":"https:\/\/www.europesays.com\/pt\/208138\/"},"modified":"2025-12-30T16:03:13","modified_gmt":"2025-12-30T16:03:13","slug":"o-dinheiro-ja-sabe-quem-vai-a-2-a-volta-das-presidenciais-com-80-de-probabilidade","status":"publish","type":"post","link":"https:\/\/www.europesays.com\/pt\/208138\/","title":{"rendered":"O dinheiro j\u00e1 sabe quem vai \u00e0 2.\u00aa volta das presidenciais (com 80% de probabilidade)"},"content":{"rendered":"<p class=\"wp-caption-text top\">ZAP \/\/ Andr\u00e9 Kosters, Jos\u00e9 Coelho, M\u00e1rio Cruz \/ Lusa; Ant\u00f3nio Jos\u00e9 Seguro  \/ Flickr; Depositphotos<\/p>\n<p><img decoding=\"async\" loading=\"lazy\" class=\"size-kopa-image-size-3 wp-image-719634\" src=\"https:\/\/www.europesays.com\/pt\/wp-content\/uploads\/2025\/12\/eff7d5dba32b4da32d9a67a519434d3f-783x450.jpg\" alt=\"\" width=\"700\" height=\"402\"  \/><\/p>\n<p><strong>Numa altura em que as sondagens d\u00e3o empate t\u00e9cnico entre v\u00e1rios candidatos na primeira volta da corrida \u00e0s Presidenciais 2026, Lu\u00eds Marques Mendes surge como favorito a vencer a elei\u00e7\u00e3o \u2014 se passar \u00e0 segunda volta.<br \/><\/strong><\/p>\n<p>Segundo a maior parte das sondagens mais recentes, numa <strong>2.\u00aa volta<\/strong> das Elei\u00e7\u00f5es Presidenciais, <strong>Lu\u00eds Marques Mendes vence<\/strong> confortavelmente qualquer um dos outros candidatos.<\/p>\n<p>A menos de um m\u00eas das elei\u00e7\u00f5es de 18 de janeiro, uma <a href=\"https:\/\/zap.aeiou.pt\/corrida-5-2a-volta-sondagem-presidenciais-2026-718474\" data-wpel-link=\"internal\" rel=\"nofollow noopener\" target=\"_blank\">sondagem da Pitag\u00f3rica<\/a> posicionou Marques Mendes na primeira posi\u00e7\u00e3o das inten\u00e7\u00f5es de voto, com <strong>20,7%<\/strong>, com um intervalo de confian\u00e7a de 18,1 a 23,3%.<\/p>\n<p>Logo atr\u00e1s, <strong>Ant\u00f3nio Jos\u00e9 Seguro<\/strong>, com 19,9% (17,4%-22,4%), e <strong>Andr\u00e9 Ventura<\/strong>\u00a0 com 19,1% (16,6%-21,6%). Mais distante, <strong>Gouveia e Melo<\/strong>, com 15% (12,9%-17,5%), parece<strong> estar a ficar para tr\u00e1s na corrida<\/strong>, e com dificuldade em atingir a 2.\u00aa volta: o valor mais alto do intervalo de confian\u00e7a das inten\u00e7\u00f5es de voto do Almirante \u00e9 <strong>inferior ao valor mais baixo de Marques Mendes, Ventura e Seguro<\/strong>.<\/p>\n<p>Estes tr\u00eas candidatos est\u00e3o, nesta sondagem, em <strong>empate t\u00e9cnico<\/strong>: o valor mais alto do intervalo de confian\u00e7a de Ventura e Seguro \u00e9 superior ao valor mais baixo de Lu\u00eds Marques Mendes, o que significa que qualquer destes candidatos pode <strong>vencer a primeira volta \u2014 ou ficar de fora<\/strong>.<\/p>\n<p>Assim, uma aparente vit\u00f3ria \u201cf\u00e1cil\u201d de Marques Mendes na 2.\u00aa volta disfar\u00e7a a <strong>verdadeira dificuldade<\/strong> do candidato social-democrata: garantir um lugar entre os dois primeiros na 1.\u00aa volta.<\/p>\n<p>Qual a probabilidade de que tal aconte\u00e7a?<\/p>\n<p>Escrevemos h\u00e1 umas semanas que <strong>n\u00e3o h\u00e1 melhor sondagem<\/strong> do que a feita com o <strong>dinheiro que as pessoas est\u00e3o dispostas a apostar<\/strong> no desfecho de um evento \u2014 como os que s\u00e3o colocados \u00e0 an\u00e1lise dos utilizadores no site de previs\u00f5es de mercado <a href=\"https:\/\/polymarket.com\/\" data-wpel-link=\"external\" target=\"_blank\" rel=\"nofollow external noopener noreferrer\" class=\"ext-link\">Polymarket<\/a>.<\/p>\n<p>Seguindo essa <strong>metodologia de adivinha\u00e7\u00e3o<\/strong>, <a href=\"https:\/\/zap.aeiou.pt\/dinheiro-diz-quem-vai-ser-presidente-706243\" data-wpel-link=\"internal\" rel=\"nofollow noopener\" target=\"_blank\">conclu\u00edmos em outubro<\/a> que haveria uma <strong>probabilidade de 51%<\/strong> de que Gouveia e Melo vencesse as elei\u00e7\u00f5es, contra 20% de Lu\u00eds Marques Mendes, seguido de Andr\u00e9 Ventura (14%) e Ant\u00f3nio Jos\u00e9 Seguro (12%).<\/p>\n<p>Entretanto, em pouco mais de 2 meses, muita \u00e1gua passou por baixo da ponte \u2014 e entrou aparentemente no submarino do Almirante. Nesta ter\u00e7a-feira, 30 de dezembro, as apostas do Polymarket no <a href=\"https:\/\/polymarket.com\/event\/portugal-presidential-election\" data-wpel-link=\"external\" target=\"_blank\" rel=\"nofollow external noopener noreferrer\" class=\"ext-link\">resultado final das presidenciais<\/a> apontam para uma <strong>vit\u00f3ria de Marques Mendes (72%)<\/strong>, seguido de Gouveia e Melo (10%), Seguro (7%), Cotrim de Figueiredo (7%) e finalmente, Andr\u00e9 Ventura (5%).<\/p>\n<p>Muito sensatamente, a <strong>maior parte dos 16,6% a 21,6% de eleitores<\/strong> que vai votar no l\u00edder do Chega <strong>n\u00e3o est\u00e1 disposta a apostar o seu dinheiro<\/strong> na vit\u00f3ria do seu candidato \u00e0 2.\u00aa volta; h\u00e1 uma <strong>diferen\u00e7a entre inten\u00e7\u00e3o de voto e perce\u00e7\u00e3o<\/strong> de quem vai vencer, principalmente quando temos o nosso dinheiro em jogo.<\/p>\n<p>Marques Mendes parece, assim, bem posicionado para ser o pr\u00f3ximo presidente. Mas, como vimos acima, a sua aparentemente prov\u00e1vel vit\u00f3ria na 1.\u00aa volta depende de que l\u00e1 consiga chegar. Qual \u00e9 ent\u00e3o, segundo o instinto dos utilizadores do Polymarket, a <strong>probabilidade de cada um dos candidatos<\/strong> vencer a 1.\u00aa volta, ou <strong>passar \u00e0 2.\u00aa volta das elei\u00e7\u00f5es<\/strong>?<\/p>\n<p>Na aposta \u201c<a href=\"https:\/\/polymarket.com\/event\/portugal-presidential-election-1st-round-winner\" data-wpel-link=\"external\" target=\"_blank\" rel=\"nofollow external noopener noreferrer\" class=\"ext-link\">Quem vai ganhar a 1\u00aa volta<\/a>\u201c, a <strong>vit\u00f3ria de Andr\u00e9 Ventura<\/strong> j\u00e1 recolheu <strong>19.095 d\u00f3lares<\/strong> em volume de apostas \u2014 o que lhe d\u00e1 uma <strong>probabilidade de 49%<\/strong> de ser o mais votado.\u00a0 Em segundo lugar, <strong>Marques Mendes, com 38%<\/strong>. Os dois candidatos est\u00e3o bastante \u00e0 frente de Seguro (6%), Cotrim de Figueiredo (4%) e Gouveia e Melo (3%).<\/p>\n<p>E \u201c<a href=\"https:\/\/polymarket.com\/event\/portugal-presidential-election-1st-round-2nd-place\" data-wpel-link=\"external\" target=\"_blank\" rel=\"nofollow external noopener noreferrer\" class=\"ext-link\">Quem vai ficar em 2\u00ba lugar<\/a>\u201d na 1.\u00aa volta? <strong>Marques Mendes tem 38%<\/strong> de probabilidade, seguido de Andr\u00e9 Ventura (26), um resultado consistente com a aposta anterior.<\/p>\n<p>Mas a aposta essencial \u00e9, na verdade, esta: \u201c<a href=\"https:\/\/polymarket.com\/event\/who-will-qualify-for-the-second-round-of-the-portugal-presidential-election\" data-wpel-link=\"external\" target=\"_blank\" rel=\"nofollow external noopener noreferrer\" class=\"ext-link\">Quem vai passar \u00e0 2.\u00aa volta?<\/a>\u201c, ou seja, <strong>quem s\u00e3o os dois candidatos<\/strong> que os utilizadores acreditam que v\u00e3o ficar num dos dois primeiros lugares na 1.\u00aa volta.<\/p>\n<p>\u00c0 hora desta edi\u00e7\u00e3o, <strong>o resultado parece claro<\/strong>: segundo os utilizadores do Polymarket, h\u00e1 <strong>quase 80% de probabilidade<\/strong> de que os dois candidatos a disputar a presid\u00eancia sejam <strong>Marques Mendes (79%) e Andr\u00e9 Ventura (78%)<\/strong>.<\/p>\n<p class=\"wp-caption-text top\"><a href=\"https:\/\/polymarket.com\/event\/who-will-qualify-for-the-second-round-of-the-portugal-presidential-election\" rel=\"nofollow external noopener noreferrer\" data-wpel-link=\"external\" target=\"_blank\" class=\"ext-link\">Polymarket<\/a><\/p>\n<p><a href=\"https:\/\/polymarket.com\/event\/who-will-qualify-for-the-second-round-of-the-portugal-presidential-election\" data-wpel-link=\"external\" target=\"_blank\" rel=\"nofollow external noopener noreferrer\" class=\"ext-link\"><img decoding=\"async\" loading=\"lazy\" class=\"wp-image-719637 size-full\" src=\"https:\/\/www.europesays.com\/pt\/wp-content\/uploads\/2025\/12\/c4ca4238a0b923820dcc509a6f75849b-8-800x467.jpg\" alt=\"\" width=\"800\" height=\"467\"  \/><\/a><\/p>\n<p class=\"wp-caption-text bot\">Quem vai passar \u00e0 2.\u00aa volta das presidenciais?<\/p>\n<p><strong>Muito atr\u00e1s<\/strong>, Seguro (20%), Gouveia e Melo (19%) e Cotrim de Figueiredo (115) parecem n\u00e3o ter hip\u00f3tese de chegar ao Pal\u00e1cio de Bel\u00e9m.<\/p>\n<p>Assim, segundo julgam os utilizadores que est\u00e3o dispostos a apostar o seu dinheiro nessa adivinha\u00e7\u00e3o, Marques Mendes e Andr\u00e9 Ventura v\u00e3o disputar a 2.\u00aa volta das presidenciais. Provavelmente. E nesse caso, o candidato apoiado pelo PSD ser\u00e1 o <strong>pr\u00f3ximo Presidente da Rep\u00fablica<\/strong>. Provavelmente, tamb\u00e9m.<\/p>\n<p>    <a href=\"https:\/\/zap.aeiou.pt\/subscrever-newsletter\" data-wpel-link=\"internal\" rel=\"nofollow noopener\" target=\"_blank\">&#13;<br \/>\n        <img loading=\"lazy\" decoding=\"async\" class=\"aligncenter size-full wp-image-575475\" src=\"https:\/\/www.europesays.com\/pt\/wp-content\/uploads\/2025\/12\/1765389371_545_2d51fe4a0ba54894421ead1809309ed9-1-450x140.jpg\" alt=\"Subscreva a Newsletter ZAP\" width=\"450\" height=\"140\"\/>&#13;<br \/>\n    <\/a><\/p>\n<p>                <a href=\"https:\/\/whatsapp.com\/channel\/0029VaIC4EE2f3EJZPPSbR34\" data-wpel-link=\"external\" target=\"_blank\" rel=\"nofollow external noopener noreferrer\" class=\"ext-link\">&#13;<br \/>\n                    <img loading=\"lazy\" decoding=\"async\" class=\"aligncenter size-full wp-image-575475\" src=\"https:\/\/www.europesays.com\/pt\/wp-content\/uploads\/2025\/12\/1765389371_770_c68c559d956d4ca20f435ed74a6e71e6.png\" alt=\"Siga-nos no WhatsApp\" width=\"175\" height=\"64\"\/>&#13;<br \/>\n                <\/a><\/p>\n<p>                <a href=\"https:\/\/news.google.com\/publications\/CAAiEHRwZondIV71PDjWNoqMduEqFAgKIhB0cGaJ3SFe9Tw41jaKjHbh?hl=en-US&amp;gl=US&amp;ceid=US%3Aen\" data-wpel-link=\"external\" target=\"_blank\" rel=\"nofollow external noopener noreferrer\" class=\"ext-link\">&#13;<br \/>\n                    <img loading=\"lazy\" decoding=\"async\" class=\"aligncenter size-full wp-image-575475\" src=\"https:\/\/www.europesays.com\/pt\/wp-content\/uploads\/2025\/12\/1765389372_556_5123dd8b087b644fdb8f8603acd1bad4.png\" alt=\"Siga-nos no Google News\" width=\"176\" height=\"64\"\/>&#13;<br \/>\n                <\/a><\/p>\n","protected":false},"excerpt":{"rendered":"ZAP \/\/ Andr\u00e9 Kosters, Jos\u00e9 Coelho, M\u00e1rio Cruz \/ Lusa; Ant\u00f3nio Jos\u00e9 Seguro \/ Flickr; Depositphotos Numa altura&hellip;\n","protected":false},"author":2,"featured_media":208139,"comment_status":"","ping_status":"","sticky":false,"template":"","format":"standard","meta":{"footnotes":""},"categories":[10],"tags":[3386,3399,1265,27,28,269,2258,15,16,9498,14,17460,25,26,21,22,24788,12,13,19,20,52,32,1076,23,24,33,4862,17,18,29,30,31],"class_list":{"0":"post-208138","1":"post","2":"type-post","3":"status-publish","4":"format-standard","5":"has-post-thumbnail","7":"category-portugal","8":"tag-andre-ventura","9":"tag-antonio-jose-seguro","10":"tag-apostas","11":"tag-breaking-news","12":"tag-breakingnews","13":"tag-capa","14":"tag-eleicoes","15":"tag-featured-news","16":"tag-featurednews","17":"tag-gouveia-e-melo","18":"tag-headlines","19":"tag-joao-cotrim-de-figueiredo","20":"tag-latest-news","21":"tag-latestnews","22":"tag-main-news","23":"tag-mainnews","24":"tag-marques-mendes","25":"tag-news","26":"tag-noticias","27":"tag-noticias-principais","28":"tag-noticiasprincipais","29":"tag-politica","30":"tag-portugal","31":"tag-presidenciais-2026","32":"tag-principais-noticias","33":"tag-principaisnoticias","34":"tag-pt","35":"tag-sondagem","36":"tag-top-stories","37":"tag-topstories","38":"tag-ultimas","39":"tag-ultimas-noticias","40":"tag-ultimasnoticias"},"share_on_mastodon":{"url":"","error":"Validation failed: Text character limit of 500 exceeded"},"_links":{"self":[{"href":"https:\/\/www.europesays.com\/pt\/wp-json\/wp\/v2\/posts\/208138","targetHints":{"allow":["GET"]}}],"collection":[{"href":"https:\/\/www.europesays.com\/pt\/wp-json\/wp\/v2\/posts"}],"about":[{"href":"https:\/\/www.europesays.com\/pt\/wp-json\/wp\/v2\/types\/post"}],"author":[{"embeddable":true,"href":"https:\/\/www.europesays.com\/pt\/wp-json\/wp\/v2\/users\/2"}],"replies":[{"embeddable":true,"href":"https:\/\/www.europesays.com\/pt\/wp-json\/wp\/v2\/comments?post=208138"}],"version-history":[{"count":0,"href":"https:\/\/www.europesays.com\/pt\/wp-json\/wp\/v2\/posts\/208138\/revisions"}],"wp:featuredmedia":[{"embeddable":true,"href":"https:\/\/www.europesays.com\/pt\/wp-json\/wp\/v2\/media\/208139"}],"wp:attachment":[{"href":"https:\/\/www.europesays.com\/pt\/wp-json\/wp\/v2\/media?parent=208138"}],"wp:term":[{"taxonomy":"category","embeddable":true,"href":"https:\/\/www.europesays.com\/pt\/wp-json\/wp\/v2\/categories?post=208138"},{"taxonomy":"post_tag","embeddable":true,"href":"https:\/\/www.europesays.com\/pt\/wp-json\/wp\/v2\/tags?post=208138"}],"curies":[{"name":"wp","href":"https:\/\/api.w.org\/{rel}","templated":true}]}}