{"id":208163,"date":"2025-12-30T16:28:21","date_gmt":"2025-12-30T16:28:21","guid":{"rendered":"https:\/\/www.europesays.com\/pt\/208163\/"},"modified":"2025-12-30T16:28:21","modified_gmt":"2025-12-30T16:28:21","slug":"2026-no-espaco-regressam-as-missoes-a-lua-os-eclipses-atravessam-a-europa-e-as-auroras-continuam","status":"publish","type":"post","link":"https:\/\/www.europesays.com\/pt\/208163\/","title":{"rendered":"2026 no espa\u00e7o: regressam as miss\u00f5es \u00e0 Lua, os eclipses atravessam a Europa e as auroras continuam"},"content":{"rendered":"<p>De<a href=\"https:\/\/www.euronews.com\/next\/2025\/12\/16\/interstellar-comet-3iatlas-will-reach-its-closest-point-to-earth-this-friday-heres-what-to\" rel=\"nofollow noopener\" target=\"_blank\"> <\/a><a href=\"https:\/\/pt.euronews.com\/next\/2025\/12\/16\/cometa-interestelar-3iatlas-atinge-ponto-mais-proximo-da-terra-esta-sexta-feira-saiba-o-es\" rel=\"nofollow noopener\" target=\"_blank\"><strong>um cometa visitante de outra estrela<\/strong><\/a>ao regresso de <a href=\"https:\/\/pt.euronews.com\/next\/2025\/03\/18\/astronautas-da-nasa-regressam-a-terra-apos-9-meses-no-espaco\" rel=\"nofollow noopener\" target=\"_blank\"><strong>astronautas da NASA retidos<\/strong><\/a> e a <a href=\"https:\/\/pt.euronews.com\/next\/2025\/12\/16\/china-starlink-de-elon-musk-evita-por-pouco-colisao-com-satelites-chineses\" rel=\"nofollow noopener\" target=\"_blank\"><strong>um n\u00famero recorde de lan\u00e7amentos de sat\u00e9lites<\/strong><\/a>, 2025 foi marcado por eventos espaciais extraordin\u00e1rios.<\/p>\n<p>Esse dinamismo prolonga-se em 2026, com alguns dos planos de explora\u00e7\u00e3o mais ambiciosos das \u00faltimas d\u00e9cadas, eclipses raros e mais oportunidades para ver a aurora boreal.<\/p>\n<p>Eis o que o universo reserva para 2026.<\/p>\n<p>Explora\u00e7\u00e3o lunar marca o novo ano<\/p>\n<p>O interesse pela Lua volta a crescer ap\u00f3s d\u00e9cadas de relativa calma, com v\u00e1rios lan\u00e7amentos e testes previstos para o pr\u00f3ximo ano. Mais de meio s\u00e9culo depois de as miss\u00f5es Apollo levarem pela primeira vez seres humanos \u00e0 superf\u00edcie lunar, os astronautas voltam a preparar uma incurs\u00e3o profunda no espa\u00e7o lunar.<\/p>\n<p>Em abril, a NASA vai enviar uma tripula\u00e7\u00e3o de quatro astronautas, tr\u00eas norte-americanos e um canadiano, numa <a href=\"https:\/\/pt.euronews.com\/next\/2025\/09\/30\/missao-artemis-ii-da-nasa-vai-voar-em-redor-da-lua-ja-em-fevereiro-de-2026\" rel=\"nofollow noopener\" target=\"_blank\"><strong>miss\u00e3o de 10 dias que passar\u00e1 junto da Lua<\/strong><\/a>. A nave contornar\u00e1 a face oculta da Lua antes de regressar \u00e0 Terra.<\/p>\n<p>Embora n\u00e3o aterrem, espera-se que o voo ofere\u00e7a novas vistas de regi\u00f5es que nem as miss\u00f5es Apollo observaram diretamente, informa\u00e7\u00e3o que poder\u00e1 orientar futuras alunagens no \u00e2mbito do programa Artemis da NASA, segundo Reid Wiseman, chefe do Gabinete dos Astronautas da NASA.<\/p>\n<p>Naves n\u00e3o tripuladas tamb\u00e9m seguir\u00e3o em grande n\u00famero para a Lua. <\/p>\n<p>Um dos projetos mais chamativos \u00e9 um novo m\u00f3dulo lunar de grande dimens\u00e3o, o Blue Moon, em desenvolvimento pela Blue Origin, a empresa espacial fundada por Jeff Bezos, da Amazon.<\/p>\n<p>O prot\u00f3tipo, concebido para levar astronautas da NASA \u00e0 superf\u00edcie lunar, tem testes previstos para 2026. Com cerca de oito metros de altura, ter\u00e1 quase o dobro da altura do m\u00f3dulo lunar da Apollo 12 que alunou em 1969.<\/p>\n<p>Outras empresas espaciais norte-americanas, como a Astrobotic Technology, a Intuitive Machines e a Firefly Aerospace, tencionam tamb\u00e9m realizar alunagens em 2026, no \u00e2mbito de um esfor\u00e7o comercial crescente para levar cargas \u00fateis \u00e0 Lua.<\/p>\n<p>A China planeia igualmente a sua pr\u00f3pria explora\u00e7\u00e3o lunar. A sonda Chang\u2019e 7 dever\u00e1 ter como alvo o polo sul da Lua, uma zona onde a \u00e1gua gelada poder\u00e1 estar escondida em crateras permanentemente sombreadas, segundo o China Media Group. <\/p>\n<p>Esse gelo poder\u00e1 um dia apoiar miss\u00f5es humanas, fornecendo \u00e1gua pot\u00e1vel e combust\u00edvel para foguet\u00f5es.<\/p>\n<p>Eclipses e superluas em 2026<\/p>\n<p>Na Terra, os observadores do c\u00e9u ter\u00e3o muito para ver.<\/p>\n<p>Em fevereiro, um &#8216;<a href=\"https:\/\/www.euronews.com\/next\/2023\/10\/16\/in-pictures-ring-of-fire-solar-eclipse-brings-spectacular-show-to-americas\" rel=\"nofollow noopener\" target=\"_blank\"><strong>anel de fogo<\/strong><\/a>&#8216; ou eclipse solar ser\u00e1 vis\u00edvel sobre a Ant\u00e1rtida, com visibilidade parcial em partes do hemisf\u00e9rio sul, incluindo a \u00c1frica do Sul, o Chile e a Argentina.<\/p>\n<p>Um eclipse em anel de fogo, tamb\u00e9m conhecido como eclipse anular, ocorre quando a Lua passa em frente ao Sol, mas parece ligeiramente pequena demais para o cobrir totalmente, deixando um anel brilhante de luz solar \u00e0 volta da sua orla.<\/p>\n<p>Em agosto, a Europa ter\u00e1 um espet\u00e1culo particularmente dram\u00e1tico, quando um eclipse solar total varrer do \u00c1rtico \u00e0 Gronel\u00e2ndia e a Isl\u00e2ndia <a href=\"https:\/\/pt.euronews.com\/2025\/12\/23\/o-dia-transforma-se-em-noite-eclipse-total-do-sol-podera-ser-observado-em-portugal-no-prox\" rel=\"nofollow noopener\" target=\"_blank\"><strong>antes de alcan\u00e7ar a Pen\u00ednsula Ib\u00e9rica<\/strong><\/a>, transformando por breves instantes o dia em noite para quem estiver ao longo da sua estreita trajet\u00f3ria.<\/p>\n<p>A pr\u00f3pria Lua ter\u00e1 um aspeto particularmente impressionante em v\u00e1rios momentos do ano.<\/p>\n<p>Est\u00e3o previstas tr\u00eas <a href=\"https:\/\/www.euronews.com\/video\/2025\/12\/05\/december-supermoon-lights-up-the-sky-in-final-event-of-2025\" rel=\"nofollow noopener\" target=\"_blank\"><strong>superluas<\/strong><\/a> em 2026, quando a Lua cheia coincide com a sua maior aproxima\u00e7\u00e3o \u00e0 Terra.<\/p>\n<p>A primeira superlua do ano, em janeiro, coincidir\u00e1 com uma chuva de meteoros, embora o brilho lunar deva ocultar muitas das estrelas cadentes mais t\u00e9nues. A segunda superlua chegar\u00e1 a 24 de novembro, enquanto a \u00faltima, na v\u00e9spera de Natal, ser\u00e1 a maior e mais brilhante do ano.<\/p>\n<p>Onde ver auroras boreais e austrais em 2026<\/p>\n<p>Prev\u00ea-se que o Sol continue a produzir erup\u00e7\u00f5es em 2026 que podem provocar tempestades geomagn\u00e9ticas na Terra, originando fen\u00f3menos de aurora boreal no norte e de aurora austral no sul.<\/p>\n<p>Ap\u00f3s um pico que alimentou as intensas exibi\u00e7\u00f5es de aurora de 2024 e 2025, espera-se que o ciclo solar atual comece a abrandar, com o <a href=\"https:\/\/www.euronews.com\/travel\/2025\/10\/26\/noctourism-why-the-northern-lights-will-be-even-more-impressive-this-winter-and-where-to-s\" rel=\"nofollow noopener\" target=\"_blank\"><strong>ciclo solar de 11 anos<\/strong><\/a> a entrar na fase descendente.<\/p>\n<p>Ainda assim, as erup\u00e7\u00f5es solares poder\u00e3o continuar a desencadear tempestades geomagn\u00e9ticas, pelo que as auroras boreais e austrais poder\u00e3o surgir mais longe dos polos, embora provavelmente com menor frequ\u00eancia do que no ano anterior.<\/p>\n<p>Especialistas em meteorologia espacial como Rob Steenburgh, da Administra\u00e7\u00e3o Nacional Oce\u00e2nica e Atmosf\u00e9rica, aguardam com expectativa todas as medi\u00e7\u00f5es do vento solar que em breve chegar\u00e3o de um <a href=\"https:\/\/pt.euronews.com\/next\/2025\/09\/24\/satelites-meteorologicos-espaciais-partem-juntos-para-estudar-o-lado-violento-do-sol\" rel=\"nofollow noopener\" target=\"_blank\"><strong>observat\u00f3rio<\/strong><\/a> lan\u00e7ado no outono.<\/p>\n<p>\u201c2026 ser\u00e1 um ano entusiasmante para os entusiastas da meteorologia espacial\u201d, afirmou o especialista, com esta nova nave e outras a ajudarem os cientistas a \u201ccompreender melhor a nossa estrela mais pr\u00f3xima e prever os seus impactos\u201d.<\/p>\n","protected":false},"excerpt":{"rendered":"De um cometa visitante de outra estrelaao regresso de astronautas da NASA retidos e a um n\u00famero recorde&hellip;\n","protected":false},"author":2,"featured_media":208164,"comment_status":"","ping_status":"","sticky":false,"template":"","format":"standard","meta":{"footnotes":""},"categories":[84],"tags":[40970,109,107,108,2179,8668,32,33,105,103,104,23626,106,110],"class_list":{"0":"post-208163","1":"post","2":"type-post","3":"status-publish","4":"format-standard","5":"has-post-thumbnail","7":"category-ciencia-e-tecnologia","8":"tag-aurora-boreal","9":"tag-ciencia","10":"tag-ciencia-e-tecnologia","11":"tag-cienciaetecnologia","12":"tag-lua","13":"tag-missao-espacial","14":"tag-portugal","15":"tag-pt","16":"tag-science","17":"tag-science-and-technology","18":"tag-scienceandtechnology","19":"tag-super-lua","20":"tag-technology","21":"tag-tecnologia"},"share_on_mastodon":{"url":"https:\/\/pubeurope.com\/@pt\/115809465629018148","error":""},"_links":{"self":[{"href":"https:\/\/www.europesays.com\/pt\/wp-json\/wp\/v2\/posts\/208163","targetHints":{"allow":["GET"]}}],"collection":[{"href":"https:\/\/www.europesays.com\/pt\/wp-json\/wp\/v2\/posts"}],"about":[{"href":"https:\/\/www.europesays.com\/pt\/wp-json\/wp\/v2\/types\/post"}],"author":[{"embeddable":true,"href":"https:\/\/www.europesays.com\/pt\/wp-json\/wp\/v2\/users\/2"}],"replies":[{"embeddable":true,"href":"https:\/\/www.europesays.com\/pt\/wp-json\/wp\/v2\/comments?post=208163"}],"version-history":[{"count":0,"href":"https:\/\/www.europesays.com\/pt\/wp-json\/wp\/v2\/posts\/208163\/revisions"}],"wp:featuredmedia":[{"embeddable":true,"href":"https:\/\/www.europesays.com\/pt\/wp-json\/wp\/v2\/media\/208164"}],"wp:attachment":[{"href":"https:\/\/www.europesays.com\/pt\/wp-json\/wp\/v2\/media?parent=208163"}],"wp:term":[{"taxonomy":"category","embeddable":true,"href":"https:\/\/www.europesays.com\/pt\/wp-json\/wp\/v2\/categories?post=208163"},{"taxonomy":"post_tag","embeddable":true,"href":"https:\/\/www.europesays.com\/pt\/wp-json\/wp\/v2\/tags?post=208163"}],"curies":[{"name":"wp","href":"https:\/\/api.w.org\/{rel}","templated":true}]}}