{"id":208177,"date":"2025-12-30T16:39:08","date_gmt":"2025-12-30T16:39:08","guid":{"rendered":"https:\/\/www.europesays.com\/pt\/208177\/"},"modified":"2025-12-30T16:39:08","modified_gmt":"2025-12-30T16:39:08","slug":"como-1907-oferece-contrato-de-3-anos-a-jovem-do-fc-porto-e-ha-mais-interessados-em-italia","status":"publish","type":"post","link":"https:\/\/www.europesays.com\/pt\/208177\/","title":{"rendered":"Como 1907 oferece contrato de 3 anos a jovem do FC Porto e h\u00e1 mais interessados em It\u00e1lia"},"content":{"rendered":"<p>&#8211; Advertisement &#8211;<\/p>\n<p><strong>Gustavo Guerra tem v\u00e1rios interessados em It\u00e1lia. Como 1907 avan\u00e7a e oferece um contrato de tr\u00eas anos ao jovem do FC Porto.<\/strong><\/p>\n<p>O Como 1907 ofereceu um contrato de tr\u00eas temporadas a Gustavo Guerra, que termina contrato com o FC Porto no pr\u00f3ximo ver\u00e3o. A garantia \u00e9 dada pelo jornalista Sacha Tavolieri, que indica que a ideia do emblema italiano \u00e9 integrar, aos poucos, o jovem na equipa principal.<\/p>\n<p>Entre mais clubes interessados, a Juventus e o Inter Mil\u00e3o tamb\u00e9m est\u00e3o de olho em Gustavo Guerra. De acordo com a mesma fonte, o <a href=\"https:\/\/bolanarede.pt\/etiqueta\/fc-porto\/\" target=\"_blank\" rel=\"noreferrer noopener nofollow\">FC Porto<\/a> quer segurar o jovem de 16 anos, que tem chamado \u00e0 aten\u00e7\u00e3o nos \u00faltimos tempos.<\/p>\n<p>Esta temporada, Gustavo Guerra regista at\u00e9 ao momento seis golos e tr\u00eas assist\u00eancias em 15 partidas, ao servi\u00e7o dos sub-17 do FC Porto.<\/p>\n<blockquote class=\"twitter-tweet\" data-width=\"550\" data-dnt=\"true\">\n<p lang=\"en\" dir=\"ltr\">\ud83d\udd35\u26aa\ufe0f\ud83c\uddf5\ud83c\uddf9 Gustavo Guerra catching attention! While FC Porto still hopes to keep its gem, who is waiting for certain guarantees, Como Calcio offered a 3-year deal to the Portuguese U17 international, out of contract next June. Como idea is to integrate Guerra step by step into the\u2026 <a href=\"https:\/\/t.co\/XRCdc3wJmU\" rel=\"nofollow\">pic.twitter.com\/XRCdc3wJmU<\/a><\/p>\n<p>\u2014 Sacha Tavolieri (@sachatavolieri) <a href=\"https:\/\/twitter.com\/sachatavolieri\/status\/2005933853517426809?ref_src=twsrc%5Etfw\" rel=\"nofollow noopener\" target=\"_blank\">December 30, 2025<\/a><\/p><\/blockquote>\n<p><script async src=\"https:\/\/platform.twitter.com\/widgets.js\" charset=\"utf-8\"><\/script><\/p>\n","protected":false},"excerpt":{"rendered":"&#8211; Advertisement &#8211; Gustavo Guerra tem v\u00e1rios interessados em It\u00e1lia. Como 1907 avan\u00e7a e oferece um contrato de&hellip;\n","protected":false},"author":2,"featured_media":181205,"comment_status":"","ping_status":"","sticky":false,"template":"","format":"standard","meta":{"footnotes":""},"categories":[87],"tags":[260,2464,135,478,282,40972,32,33,2101,134],"class_list":{"0":"post-208177","1":"post","2":"type-post","3":"status-publish","4":"format-standard","5":"has-post-thumbnail","7":"category-desporto","8":"tag-atualidade","9":"tag-como-1907","10":"tag-desporto","11":"tag-destaques-bnr","12":"tag-fc-porto","13":"tag-gustavo-guerra","14":"tag-portugal","15":"tag-pt","16":"tag-serie-a","17":"tag-sports"},"share_on_mastodon":{"url":"https:\/\/pubeurope.com\/@pt\/115809508655493775","error":""},"_links":{"self":[{"href":"https:\/\/www.europesays.com\/pt\/wp-json\/wp\/v2\/posts\/208177","targetHints":{"allow":["GET"]}}],"collection":[{"href":"https:\/\/www.europesays.com\/pt\/wp-json\/wp\/v2\/posts"}],"about":[{"href":"https:\/\/www.europesays.com\/pt\/wp-json\/wp\/v2\/types\/post"}],"author":[{"embeddable":true,"href":"https:\/\/www.europesays.com\/pt\/wp-json\/wp\/v2\/users\/2"}],"replies":[{"embeddable":true,"href":"https:\/\/www.europesays.com\/pt\/wp-json\/wp\/v2\/comments?post=208177"}],"version-history":[{"count":0,"href":"https:\/\/www.europesays.com\/pt\/wp-json\/wp\/v2\/posts\/208177\/revisions"}],"wp:featuredmedia":[{"embeddable":true,"href":"https:\/\/www.europesays.com\/pt\/wp-json\/wp\/v2\/media\/181205"}],"wp:attachment":[{"href":"https:\/\/www.europesays.com\/pt\/wp-json\/wp\/v2\/media?parent=208177"}],"wp:term":[{"taxonomy":"category","embeddable":true,"href":"https:\/\/www.europesays.com\/pt\/wp-json\/wp\/v2\/categories?post=208177"},{"taxonomy":"post_tag","embeddable":true,"href":"https:\/\/www.europesays.com\/pt\/wp-json\/wp\/v2\/tags?post=208177"}],"curies":[{"name":"wp","href":"https:\/\/api.w.org\/{rel}","templated":true}]}}