{"id":208190,"date":"2025-12-30T16:52:07","date_gmt":"2025-12-30T16:52:07","guid":{"rendered":"https:\/\/www.europesays.com\/pt\/208190\/"},"modified":"2025-12-30T16:52:07","modified_gmt":"2025-12-30T16:52:07","slug":"predador-terras-selvagens-ganha-data-para-chegar-ao-streaming","status":"publish","type":"post","link":"https:\/\/www.europesays.com\/pt\/208190\/","title":{"rendered":"Predador: Terras Selvagens ganha data para chegar ao streaming"},"content":{"rendered":"<p class=\"wp-block-yoast-seo-estimated-reading-time yoast-reading-time__wrapper\">Estimated reading time: 2 minutos<\/p>\n<p>Se voc\u00ea est\u00e1 ansioso para assistir a <a href=\"https:\/\/ovicio.com.br\/filme\/predador-terras-selvagens\/\" target=\"_blank\" rel=\"noreferrer noopener nofollow\">Predador: Terras Selvagens (2025)<\/a> de casa, n\u00e3o est\u00e1 muito distante de isso ser poss\u00edvel, pois o filme j\u00e1 tem data para chegar ao streaming on demand.<\/p>\n<p>O longa ser\u00e1 lan\u00e7ado nas principais plataformas de compra e aluguel dos Estados Unidos em<strong> 6 de janeiro<\/strong>. No Brasil, deve chegar na mesma data, ou muito pr\u00f3ximo.<\/p>\n<p>Por enquanto, n\u00e3o h\u00e1 data oficial para a chegada ao <strong>Disney+<\/strong>, mas a previs\u00e3o informal \u00e9 de que o lan\u00e7amento aconte\u00e7a entre fevereiro e mar\u00e7o.<\/p>\n<p><strong>Predador: Terras Selvagens (2025) <\/strong>marca a primeira vez no cinema que um Yautja \u00e9 o her\u00f3i da hist\u00f3ria. Vale ressaltar que o longa segue em exibi\u00e7\u00e3o nos cinemas de algumas capitais do Brasil.<\/p>\n<p>Leia tamb\u00e9m sobre Predador:<\/p>\n<p><strong>Fonte:<\/strong> <a href=\"https:\/\/x.com\/Predator\/status\/2006017444473663673?s=20\" target=\"_blank\" rel=\"noreferrer noopener nofollow\">20th Century Studios<\/a><\/p>\n","protected":false},"excerpt":{"rendered":"Estimated reading time: 2 minutos Se voc\u00ea est\u00e1 ansioso para assistir a Predador: Terras Selvagens (2025) de casa,&hellip;\n","protected":false},"author":2,"featured_media":208191,"comment_status":"","ping_status":"","sticky":false,"template":"","format":"standard","meta":{"footnotes":""},"categories":[140],"tags":[14649,14292,14953,40973,1579,21592,114,115,147,148,146,716,32,23313,40974,33],"class_list":{"0":"post-208190","1":"post","2":"type-post","3":"status-publish","4":"format-standard","5":"has-post-thumbnail","7":"category-filmes","8":"tag-20th-century-fox","9":"tag-20th-century-studios","10":"tag-amber-midthunder","11":"tag-dan-trachtenberg","12":"tag-disney","13":"tag-elle-fanning","14":"tag-entertainment","15":"tag-entretenimento","16":"tag-film","17":"tag-filmes","18":"tag-movies","19":"tag-netflix","20":"tag-portugal","21":"tag-predador","22":"tag-predador-badlands","23":"tag-pt"},"share_on_mastodon":{"url":"https:\/\/pubeurope.com\/@pt\/115809560326640247","error":""},"_links":{"self":[{"href":"https:\/\/www.europesays.com\/pt\/wp-json\/wp\/v2\/posts\/208190","targetHints":{"allow":["GET"]}}],"collection":[{"href":"https:\/\/www.europesays.com\/pt\/wp-json\/wp\/v2\/posts"}],"about":[{"href":"https:\/\/www.europesays.com\/pt\/wp-json\/wp\/v2\/types\/post"}],"author":[{"embeddable":true,"href":"https:\/\/www.europesays.com\/pt\/wp-json\/wp\/v2\/users\/2"}],"replies":[{"embeddable":true,"href":"https:\/\/www.europesays.com\/pt\/wp-json\/wp\/v2\/comments?post=208190"}],"version-history":[{"count":0,"href":"https:\/\/www.europesays.com\/pt\/wp-json\/wp\/v2\/posts\/208190\/revisions"}],"wp:featuredmedia":[{"embeddable":true,"href":"https:\/\/www.europesays.com\/pt\/wp-json\/wp\/v2\/media\/208191"}],"wp:attachment":[{"href":"https:\/\/www.europesays.com\/pt\/wp-json\/wp\/v2\/media?parent=208190"}],"wp:term":[{"taxonomy":"category","embeddable":true,"href":"https:\/\/www.europesays.com\/pt\/wp-json\/wp\/v2\/categories?post=208190"},{"taxonomy":"post_tag","embeddable":true,"href":"https:\/\/www.europesays.com\/pt\/wp-json\/wp\/v2\/tags?post=208190"}],"curies":[{"name":"wp","href":"https:\/\/api.w.org\/{rel}","templated":true}]}}