{"id":208198,"date":"2025-12-30T16:59:19","date_gmt":"2025-12-30T16:59:19","guid":{"rendered":"https:\/\/www.europesays.com\/pt\/208198\/"},"modified":"2025-12-30T16:59:19","modified_gmt":"2025-12-30T16:59:19","slug":"pedro-duarte-quer-proibir-pesados-na-vci-a-hora-de-ponta-mobilidade","status":"publish","type":"post","link":"https:\/\/www.europesays.com\/pt\/208198\/","title":{"rendered":"Pedro Duarte quer proibir pesados na VCI \u00e0 hora de ponta | Mobilidade"},"content":{"rendered":"<p>O presidente da \u00c1rea Metropolitana do Porto revelou que vai propor ao Governo a proibi\u00e7\u00e3o da passagem de pesados na VCI durante horas de ponta, como medida complementar \u00e0 <a href=\"https:\/\/www.publico.pt\/2025\/11\/24\/local\/noticia\/pesados-deixarao-pagar-portagem-crep-partir-marco-tentar-aliviar-transito-vci-2155836\" rel=\"nofollow noopener\" target=\"_blank\">isen\u00e7\u00e3o de portagens na CREP\/A41<\/a>.<\/p>\n<p>\u201cA solu\u00e7\u00e3o que n\u00f3s temos a propor ao Governo \u00e9 que haja uma proibi\u00e7\u00e3o de ve\u00edculos pesados que atravessem a Via de Cintura Interna (VCI) dentro daqueles hor\u00e1rios em que h\u00e1 aboli\u00e7\u00e3o de portagens na CREP\u201d, avan\u00e7ou Pedro Duarte, durante uma reuni\u00e3o da Assembleia Municipal do Porto, na segunda-feira.<\/p>\n<p>Pedro Duarte, que \u00e9 tamb\u00e9m presidente da C\u00e2mara do Porto, respondia a quest\u00f5es colocados pelos deputados municipais e relembrou que a medida de <a href=\"https:\/\/www.publico.pt\/2025\/04\/03\/local\/noticia\/crep-sera-tendencialmente-gratuita-pesados-aliviar-vci-so-2026-2128468\" rel=\"nofollow noopener\" target=\"_blank\">isen\u00e7\u00e3o de portagens para pesados na CREP\/A41<\/a> em hor\u00e1rios espec\u00edficos para aliviar o tr\u00e2nsito na VCI n\u00e3o seria eficaz de forma isolada, necessitando de medidas complementares.<\/p>\n<p>A 10 de Dezembro, \u00e0 margem de uma reuni\u00e3o do executivo da C\u00e2mara do Porto, o autarca explicou que um grupo de trabalho do Conselho Metropolitano do Porto estava a estudar a possibilidade de cobrar portagens a pesados ou proibir a sua passagem na VCI para complementar a isen\u00e7\u00e3o de portagens na CREP.<\/p>\n<p>\u201cEssencialmente h\u00e1 duas possibilidades em cima da mesa [para a VCI]: uma \u00e9 a coloca\u00e7\u00e3o de p\u00f3rticos, e outra \u00e9 a proibi\u00e7\u00e3o da passagem de pesados [na VCI]. \u00c9 uma quest\u00e3o t\u00e9cnica e estamos a ver o que \u00e9 que tem mais efic\u00e1cia e o que \u00e9 que tem menos custos. Vai ser entre estas duas hip\u00f3teses\u201d, anunciou \u00e0 data aos jornalistas.<\/p>\n<p>A 24 de Novembro, o ministro das Infra-estruturas e Habita\u00e7\u00e3o, Miguel Pinto Luz, anunciou na sede da \u00c1rea Metropolitana do Porto que, &#8220;a partir do pr\u00f3ximo dia 01 de Mar\u00e7o, os ve\u00edculos pesados deixar\u00e3o de pagar portagem na Circular Regional Exterior do Porto [CREP, autoestrada A41] em dois per\u00edodos hor\u00e1rios\u201d, designadamente entre as 7h e as 10h e entre as 16h e as 19h, para aliviar o tr\u00e2nsito na VCI.<\/p>\n<p>Pinto Luz classificou o <a href=\"https:\/\/www.publico.pt\/2025\/07\/15\/local\/noticia\/vci-passasse-jardins-ciclovias-casas-pracas-propoe-universidade-porto-2140297\" rel=\"nofollow noopener\" target=\"_blank\">tr\u00e2nsito na VCI como \u201co maior problema de tr\u00e1fego&#8221; do pa\u00eds<\/a>, n\u00e3o havendo &#8220;algo sequer compar\u00e1vel com mais nenhuma via na \u00c1rea Metropolitana de Lisboa ou noutra zona do pa\u00eds&#8221;.<\/p>\n<p>Dois dias ap\u00f3s o an\u00fancio feito pelo ministro Miguel Pinto Luz, o parlamento aprovou uma proposta do PS de altera\u00e7\u00e3o ao Or\u00e7amento do Estado para 2026 para isentar os ve\u00edculos pesados de portagens na CREP durante todo o dia.<\/p>\n","protected":false},"excerpt":{"rendered":"O presidente da \u00c1rea Metropolitana do Porto revelou que vai propor ao Governo a proibi\u00e7\u00e3o da passagem de&hellip;\n","protected":false},"author":2,"featured_media":208199,"comment_status":"","ping_status":"","sticky":false,"template":"","format":"standard","meta":{"footnotes":""},"categories":[10],"tags":[1201,27,28,15,16,301,14,25,26,352,21,22,4998,12,13,19,20,462,32,23,24,33,17,18,2588,29,30,31],"class_list":{"0":"post-208198","1":"post","2":"type-post","3":"status-publish","4":"format-standard","5":"has-post-thumbnail","7":"category-portugal","8":"tag-area-metropolitana-do-porto","9":"tag-breaking-news","10":"tag-breakingnews","11":"tag-featured-news","12":"tag-featurednews","13":"tag-governo","14":"tag-headlines","15":"tag-latest-news","16":"tag-latestnews","17":"tag-local","18":"tag-main-news","19":"tag-mainnews","20":"tag-mobilidade","21":"tag-news","22":"tag-noticias","23":"tag-noticias-principais","24":"tag-noticiasprincipais","25":"tag-porto","26":"tag-portugal","27":"tag-principais-noticias","28":"tag-principaisnoticias","29":"tag-pt","30":"tag-top-stories","31":"tag-topstories","32":"tag-transportes","33":"tag-ultimas","34":"tag-ultimas-noticias","35":"tag-ultimasnoticias"},"share_on_mastodon":{"url":"https:\/\/pubeurope.com\/@pt\/115809587248203539","error":""},"_links":{"self":[{"href":"https:\/\/www.europesays.com\/pt\/wp-json\/wp\/v2\/posts\/208198","targetHints":{"allow":["GET"]}}],"collection":[{"href":"https:\/\/www.europesays.com\/pt\/wp-json\/wp\/v2\/posts"}],"about":[{"href":"https:\/\/www.europesays.com\/pt\/wp-json\/wp\/v2\/types\/post"}],"author":[{"embeddable":true,"href":"https:\/\/www.europesays.com\/pt\/wp-json\/wp\/v2\/users\/2"}],"replies":[{"embeddable":true,"href":"https:\/\/www.europesays.com\/pt\/wp-json\/wp\/v2\/comments?post=208198"}],"version-history":[{"count":0,"href":"https:\/\/www.europesays.com\/pt\/wp-json\/wp\/v2\/posts\/208198\/revisions"}],"wp:featuredmedia":[{"embeddable":true,"href":"https:\/\/www.europesays.com\/pt\/wp-json\/wp\/v2\/media\/208199"}],"wp:attachment":[{"href":"https:\/\/www.europesays.com\/pt\/wp-json\/wp\/v2\/media?parent=208198"}],"wp:term":[{"taxonomy":"category","embeddable":true,"href":"https:\/\/www.europesays.com\/pt\/wp-json\/wp\/v2\/categories?post=208198"},{"taxonomy":"post_tag","embeddable":true,"href":"https:\/\/www.europesays.com\/pt\/wp-json\/wp\/v2\/tags?post=208198"}],"curies":[{"name":"wp","href":"https:\/\/api.w.org\/{rel}","templated":true}]}}