{"id":208214,"date":"2025-12-30T17:14:06","date_gmt":"2025-12-30T17:14:06","guid":{"rendered":"https:\/\/www.europesays.com\/pt\/208214\/"},"modified":"2025-12-30T17:14:06","modified_gmt":"2025-12-30T17:14:06","slug":"sistema-europeu-de-controlo-de-fronteiras-suspenso-em-lisboa-observador","status":"publish","type":"post","link":"https:\/\/www.europesays.com\/pt\/208214\/","title":{"rendered":"Sistema europeu de controlo de fronteiras suspenso em Lisboa \u2013 Observador"},"content":{"rendered":"<p>O sistema europeu de controlo de fronteiras para cidad\u00e3os extracomunit\u00e1rios vai ser suspenso por tr\u00eas meses no aeroporto de Lisboa, infraestrutura que vai ser refor\u00e7ada \u201c<strong>de imediato<\/strong>\u201d com militares da GNR, anunciou esta ter\u00e7a-feira o Minist\u00e9rio da Administra\u00e7\u00e3o Interna (MAI).<\/p>\n<p>Em comunicado, o Governo justifica o refor\u00e7o de medidas de conting\u00eancia no Aeroporto Humberto Delgado, em Lisboa, com \u201co agravamento dos constrangimentos na zona de chegadas\u201d de passageiros n\u00e3o-europeus provenientes de fora do espa\u00e7o Schengen devido \u00e0 evolu\u00e7\u00e3o do novo Sistema de Entrada\/Sa\u00edda (EES) da Uni\u00e3o Europeia.<\/p>\n<p>\u201cConsiderando a necessidade de implementar e refor\u00e7ar as medidas de conting\u00eancia definidas em setembro para que seja poss\u00edvel alcan\u00e7ar na zona de chegadas a redu\u00e7\u00e3o dos tempos j\u00e1 conseguida na zona de partidas\u201d, o Governo determinou \u201ca suspens\u00e3o imediata por tr\u00eas meses da aplica\u00e7\u00e3o do sistema inform\u00e1tico EES, ao abrigo dos regulamentos europeus\u201d no aeroporto de Lisboa, refere o Minist\u00e9rio da Administra\u00e7\u00e3o Interna.<\/p>\n<p>O MAI avan\u00e7a que ser\u00e1 tamb\u00e9m feito um \u201crefor\u00e7o imediato\u201d de militares da Guarda Nacional Republicana com forma\u00e7\u00e3o certificada no controlo de fronteiras.<\/p>\n<p>O minist\u00e9rio indica ainda que vai ser \u201caumentado em cerca de 30% a capacidade de equipamentos eletr\u00f3nicos e f\u00edsicos de controlo das fronteiras externas at\u00e9 ao m\u00e1ximo suportado pela atual infraestrutura aeroportu\u00e1ria\u201d.<\/p>\n","protected":false},"excerpt":{"rendered":"O sistema europeu de controlo de fronteiras para cidad\u00e3os extracomunit\u00e1rios vai ser suspenso por tr\u00eas meses no aeroporto&hellip;\n","protected":false},"author":2,"featured_media":208215,"comment_status":"","ping_status":"","sticky":false,"template":"","format":"standard","meta":{"footnotes":""},"categories":[8],"tags":[1811,1812,1320,27,28,15,16,14,25,26,21,22,12,13,19,20,32,23,24,33,58,17,18,29,30,31],"class_list":{"0":"post-208214","1":"post","2":"type-post","3":"status-publish","4":"format-standard","5":"has-post-thumbnail","7":"category-principais-noticias","8":"tag-aeroporto-de-lisboa","9":"tag-aeroportos","10":"tag-aviau00e7u00e3o","11":"tag-breaking-news","12":"tag-breakingnews","13":"tag-featured-news","14":"tag-featurednews","15":"tag-headlines","16":"tag-latest-news","17":"tag-latestnews","18":"tag-main-news","19":"tag-mainnews","20":"tag-news","21":"tag-noticias","22":"tag-noticias-principais","23":"tag-noticiasprincipais","24":"tag-portugal","25":"tag-principais-noticias","26":"tag-principaisnoticias","27":"tag-pt","28":"tag-sociedade","29":"tag-top-stories","30":"tag-topstories","31":"tag-ultimas","32":"tag-ultimas-noticias","33":"tag-ultimasnoticias"},"share_on_mastodon":{"url":"https:\/\/pubeurope.com\/@pt\/115809646245964472","error":""},"_links":{"self":[{"href":"https:\/\/www.europesays.com\/pt\/wp-json\/wp\/v2\/posts\/208214","targetHints":{"allow":["GET"]}}],"collection":[{"href":"https:\/\/www.europesays.com\/pt\/wp-json\/wp\/v2\/posts"}],"about":[{"href":"https:\/\/www.europesays.com\/pt\/wp-json\/wp\/v2\/types\/post"}],"author":[{"embeddable":true,"href":"https:\/\/www.europesays.com\/pt\/wp-json\/wp\/v2\/users\/2"}],"replies":[{"embeddable":true,"href":"https:\/\/www.europesays.com\/pt\/wp-json\/wp\/v2\/comments?post=208214"}],"version-history":[{"count":0,"href":"https:\/\/www.europesays.com\/pt\/wp-json\/wp\/v2\/posts\/208214\/revisions"}],"wp:featuredmedia":[{"embeddable":true,"href":"https:\/\/www.europesays.com\/pt\/wp-json\/wp\/v2\/media\/208215"}],"wp:attachment":[{"href":"https:\/\/www.europesays.com\/pt\/wp-json\/wp\/v2\/media?parent=208214"}],"wp:term":[{"taxonomy":"category","embeddable":true,"href":"https:\/\/www.europesays.com\/pt\/wp-json\/wp\/v2\/categories?post=208214"},{"taxonomy":"post_tag","embeddable":true,"href":"https:\/\/www.europesays.com\/pt\/wp-json\/wp\/v2\/tags?post=208214"}],"curies":[{"name":"wp","href":"https:\/\/api.w.org\/{rel}","templated":true}]}}