{"id":208224,"date":"2025-12-30T17:22:08","date_gmt":"2025-12-30T17:22:08","guid":{"rendered":"https:\/\/www.europesays.com\/pt\/208224\/"},"modified":"2025-12-30T17:22:08","modified_gmt":"2025-12-30T17:22:08","slug":"etileno-e-oxigenio-controlam-regeneracao-de-tecidos-em-plantas","status":"publish","type":"post","link":"https:\/\/www.europesays.com\/pt\/208224\/","title":{"rendered":"Etileno e oxig\u00eanio controlam regenera\u00e7\u00e3o de tecidos em plantas"},"content":{"rendered":"<p>                                                                                                        &#13;<\/p>\n<p>                                            <img decoding=\"async\" class=\"object-cover w-[100%] h-[100%]\" src=\"https:\/\/www.europesays.com\/pt\/wp-content\/uploads\/2025\/12\/19eafdbc-405d-4101-a80c-be457f027f64.jpg\" alt=\"doi.org\/10.1016\/j.xplc.2025.101576\"\/><\/p>\n<p>                                                &#13;<br \/>\n                                                    doi.org\/10.1016\/j.xplc.2025.101576&#13;<\/p>\n<p>                                    &#13;<\/p>\n<p class=\"text-[22px] leading-[1.4]    mt-[16px]   mb-[16px] \" style=\"padding-left: 0px;\">&#13;<br \/>\n                                    Pesquisadores identificaram como plantas detectam ferimentos e regeneram a periderme, tecido que protege ra\u00edzes e caules. O processo depende da difus\u00e3o de gases, principalmente etileno e oxig\u00eanio. O mecanismo funciona como um interruptor biol\u00f3gico que ativa e encerra a cicatriza\u00e7\u00e3o. O achado amplia o entendimento sobre defesa vegetal e indica aplica\u00e7\u00f5es diretas na agricultura.&#13;\n                                <\/p>\n<p class=\"text-[22px] leading-[1.4]    mt-[16px]   mb-[16px] \" style=\"padding-left: 0px;\">&#13;<br \/>\n                                    O estudo analisou ra\u00edzes da planta modelo <a href=\"https:\/\/revistacultivar.com.br\/fitossanidade\/arabidopsis-thaliana\" target=\"_blank\" rel=\"nofollow noopener\">Arabidopsis thaliana<\/a>. Os cientistas realizaram cortes controlados e acompanharam a resposta celular. Em at\u00e9 24 horas, marcadores iniciais da forma\u00e7\u00e3o de corti\u00e7a surgiram pr\u00f3ximos \u00e0 les\u00e3o. Em 48 horas, c\u00e9lulas iniciaram divis\u00f5es para formar novo meristema. Ap\u00f3s 96 horas, a planta recomp\u00f4s uma barreira funcional, com lignina e suberina.&#13;\n                                <\/p>\n<p class=\"text-[22px] leading-[1.4]    mt-[16px]   mb-[16px] \" style=\"padding-left: 0px;\">&#13;<br \/>\n                                    A pesquisa mostrou que a sa\u00edda r\u00e1pida do etileno pelo ferimento reduz o sinal desse horm\u00f4nio no local. Essa redu\u00e7\u00e3o permite o in\u00edcio da regenera\u00e7\u00e3o. Quando o etileno permanece concentrado, a forma\u00e7\u00e3o da periderme falha. Testes com veda\u00e7\u00e3o artificial da ferida bloquearam a cicatriza\u00e7\u00e3o.&#13;\n                                <\/p>\n<p class=\"text-[22px] leading-[1.4]    mt-[16px]   mb-[32px] \" style=\"padding-left: 0px;\">&#13;<br \/>\n                                    O oxig\u00eanio tamb\u00e9m exerce papel central. A entrada do g\u00e1s pela les\u00e3o aumenta a atividade de enzimas ligadas \u00e0 suberiza\u00e7\u00e3o das paredes celulares. Genes associados \u00e0 hip\u00f3xia reduziram a express\u00e3o durante a cicatriza\u00e7\u00e3o. Sensores confirmaram maior disponibilidade de oxig\u00eanio nas \u00e1reas feridas.&#13;\n                                <\/p>\n<p>                                                                                                        &#13;<br \/>\n                                    Atua\u00e7\u00e3o coordenada&#13;<\/p>\n<p class=\"text-[22px] leading-[1.4]    mt-[16px]   mb-[16px] \" style=\"padding-left: 0px;\">&#13;<br \/>\n                                    Etileno e oxig\u00eanio atuam de forma coordenada. A sa\u00edda de um g\u00e1s e a entrada do outro iniciam a regenera\u00e7\u00e3o. Com o fechamento do tecido, o fluxo gasoso diminui. O sistema, ent\u00e3o, encerra o processo de forma autom\u00e1tica.&#13;\n                                <\/p>\n<p class=\"text-[22px] leading-[1.4]    mt-[16px]   mb-[16px] \" style=\"padding-left: 0px;\">&#13;<br \/>\n                                    Em caules, que n\u00e3o possuem periderme verdadeira, a resposta ocorreu de modo diferente. Mesmo assim, a difus\u00e3o de gases seguiu essencial para recompor a barreira. O resultado indica que cada tecido usa estrat\u00e9gias pr\u00f3prias, influenciadas pela disponibilidade de oxig\u00eanio.&#13;\n                                <\/p>\n<p class=\"text-[22px] leading-[1.4]    mt-[16px]   mb-[16px] \" style=\"padding-left: 0px;\">&#13;<br \/>\n                                    Os autores apontam impactos diretos para culturas agr\u00edcolas. Ra\u00edzes e tub\u00e9rculos, como batata e cenoura, dependem da periderme para evitar perdas p\u00f3s-colheita. O controle de atmosfera pode acelerar a cicatriza\u00e7\u00e3o e reduzir podrid\u00f5es. Frutas que formam periderme ap\u00f3s danos tamb\u00e9m podem se beneficiar.&#13;\n                                <\/p>\n<p class=\"text-[22px] leading-[1.4]    mt-[16px]   mb-[16px] \" style=\"padding-left: 0px;\">&#13;<br \/>\n                                    Mais informa\u00e7\u00f5es em doi.org\/10.1016\/j.xplc.2025.101576&#13;\n                                <\/p>\n","protected":false},"excerpt":{"rendered":"&#13; &#13; doi.org\/10.1016\/j.xplc.2025.101576&#13; &#13; &#13; Pesquisadores identificaram como plantas detectam ferimentos e regeneram a periderme, tecido que protege&hellip;\n","protected":false},"author":2,"featured_media":208225,"comment_status":"","ping_status":"","sticky":false,"template":"","format":"standard","meta":{"footnotes":""},"categories":[86],"tags":[562,8682,8683,8673,8674,8672,116,8681,8679,8676,8684,8680,4907,32,8677,33,117,8678,8675],"class_list":{"0":"post-208224","1":"post","2":"type-post","3":"status-publish","4":"format-standard","5":"has-post-thumbnail","7":"category-saude","8":"tag-agricultura","9":"tag-agricultura-familiar","10":"tag-agroindustria","11":"tag-agronomia","12":"tag-agropecuaria","13":"tag-cultivo","14":"tag-health","15":"tag-horticultura","16":"tag-inovacao-no-campo","17":"tag-manejo-de-culturas","18":"tag-maquinas-agricolas","19":"tag-mercado-agricola","20":"tag-pecuaria","21":"tag-portugal","22":"tag-producao-agricola","23":"tag-pt","24":"tag-saude","25":"tag-sustentabilidade-rural","26":"tag-tecnologia-agricola"},"share_on_mastodon":{"url":"https:\/\/pubeurope.com\/@pt\/115809677735825396","error":""},"_links":{"self":[{"href":"https:\/\/www.europesays.com\/pt\/wp-json\/wp\/v2\/posts\/208224","targetHints":{"allow":["GET"]}}],"collection":[{"href":"https:\/\/www.europesays.com\/pt\/wp-json\/wp\/v2\/posts"}],"about":[{"href":"https:\/\/www.europesays.com\/pt\/wp-json\/wp\/v2\/types\/post"}],"author":[{"embeddable":true,"href":"https:\/\/www.europesays.com\/pt\/wp-json\/wp\/v2\/users\/2"}],"replies":[{"embeddable":true,"href":"https:\/\/www.europesays.com\/pt\/wp-json\/wp\/v2\/comments?post=208224"}],"version-history":[{"count":0,"href":"https:\/\/www.europesays.com\/pt\/wp-json\/wp\/v2\/posts\/208224\/revisions"}],"wp:featuredmedia":[{"embeddable":true,"href":"https:\/\/www.europesays.com\/pt\/wp-json\/wp\/v2\/media\/208225"}],"wp:attachment":[{"href":"https:\/\/www.europesays.com\/pt\/wp-json\/wp\/v2\/media?parent=208224"}],"wp:term":[{"taxonomy":"category","embeddable":true,"href":"https:\/\/www.europesays.com\/pt\/wp-json\/wp\/v2\/categories?post=208224"},{"taxonomy":"post_tag","embeddable":true,"href":"https:\/\/www.europesays.com\/pt\/wp-json\/wp\/v2\/tags?post=208224"}],"curies":[{"name":"wp","href":"https:\/\/api.w.org\/{rel}","templated":true}]}}