{"id":208297,"date":"2025-12-30T18:24:08","date_gmt":"2025-12-30T18:24:08","guid":{"rendered":"https:\/\/www.europesays.com\/pt\/208297\/"},"modified":"2025-12-30T18:24:08","modified_gmt":"2025-12-30T18:24:08","slug":"cartao-de-cidadao-nao-precisa-de-renovacao-antecipada-apesar-de-normas-europeias-cartao-de-cidadao","status":"publish","type":"post","link":"https:\/\/www.europesays.com\/pt\/208297\/","title":{"rendered":"Cart\u00e3o de Cidad\u00e3o n\u00e3o precisa de renova\u00e7\u00e3o antecipada apesar de normas europeias | Cart\u00e3o de Cidad\u00e3o"},"content":{"rendered":"<p>O Cart\u00e3o de Cidad\u00e3o \u00e9 v\u00e1lido at\u00e9 \u00e0 data impressa no documento mesmo ap\u00f3s a entrada em vigor de novas normas impostas pela Uni\u00e3o Europeia, esclareceu o <a href=\"https:\/\/irn.justica.gov.pt\/\" rel=\"nofollow noopener\" target=\"_blank\">Instituto dos Registos e do Notariado (IRN)<\/a> nesta ter\u00e7a-feira, numa nota enviada aos \u00f3rg\u00e3os de comunica\u00e7\u00e3o social.<\/p>\n<p>O esclarecimento surge ap\u00f3s v\u00e1rias publica\u00e7\u00f5es terem comunicado de forma \u201cincorrecta\u201d \u2014 l\u00ea-se na nota \u2014 que o <a href=\"https:\/\/eur-lex.europa.eu\/legal-content\/PT\/ALL\/?uri=CELEX:32025R1208\" target=\"_blank\" rel=\"nofollow noopener\">Regulamento (EU) 2025\/1208<\/a> iria obrigar milhares de portugueses a renovarem o Cart\u00e3o de Cidad\u00e3o mais cedo para cumprirem com novos requisitos de tecnologia e seguran\u00e7a.<\/p>\n<p>\u201cN\u00e3o \u00e9 verdade que os cart\u00f5es de cidad\u00e3o emitidos antes de 2021 possam deixar de ser v\u00e1lidos mais cedo do que o previsto por causa de normas impostas pela Uni\u00e3o Europeia\u201d, sublinha o IRN, refor\u00e7ando ainda que \u201cde acordo com a legisla\u00e7\u00e3o em vigor, n\u00e3o existe qualquer obrigatoriedade de renova\u00e7\u00e3o antecipada\u201d.<\/p>\n<p>O Cart\u00e3o de cidad\u00e3o foi actualizado a 11 de Junho de 2024 para estar adaptado ao modelo comum e aos <a href=\"https:\/\/www.publico.pt\/2019\/04\/04\/sociedade\/noticia\/eurodeputados-aprovam-reforco-seguranca-cartoes-identidade-ue-1867999\" rel=\"nofollow noopener\" target=\"_blank\">padr\u00f5es de seguran\u00e7a estabelecidos para os documentos de identifica\u00e7\u00e3o pela Uni\u00e3o Europeia<\/a> no Regulamento (EU) 20219\/1157.<\/p>\n<p>Este regulamento \u201cintroduziu altera\u00e7\u00f5es \u00e0 informa\u00e7\u00e3o constante do Cart\u00e3o de Cidad\u00e3o e \u00e0 forma como \u00e9 armazenada e acedida, nomeadamente a obrigatoriedade de acesso sem contacto (contactless)\u201d, recorda o IRN.<\/p>\n<p>Neste sentido, o Cart\u00e3o de Cidad\u00e3o portugu\u00eas \u201ccumpre as especifica\u00e7\u00f5es e normas de seguran\u00e7a estabelecidas pela Organiza\u00e7\u00e3o Internacional da Avia\u00e7\u00e3o Civil (ICAO\/OACI), sendo v\u00e1lido dentro da Uni\u00e3o Europeia e nos pa\u00edses do espa\u00e7o Schengen.\u201d<\/p>\n<p>O novo regulamento da UE estabelece um per\u00edodo de transi\u00e7\u00e3o at\u00e9 3 de Agosto de 2031 para os documentos que n\u00e3o cumpram as novas normas de seguran\u00e7a europeias.<\/p>\n<p>Os cart\u00f5es emitidos a partir de 11 de Junho de 2024 (modelo actual) incluem chip de dupla interface e outras normas de seguran\u00e7a e est\u00e3o dentro dos requisitos da Uni\u00e3o Europeia. J\u00e1 os cart\u00f5es emitidos at\u00e9 10 de Junho de 2024 (modelo anterior) incluem um chip por contacto e uma zona de leitura \u00f3ptica (MRZ), sendo v\u00e1lidos at\u00e9 \u00e0 data de validade impressa, que no limite \u00e9 3 de Agosto de 2031.<\/p>\n<p>Os seguintes documentos de identifica\u00e7\u00e3o n\u00e3o t\u00eam zona de leitura \u00f3ptica (MRZ):<\/p>\n<p>\u2022 Cart\u00e3o de Cidad\u00e3o de cidad\u00e3o brasileiro ao abrigo do Tratado de Porto Seguro;<\/p>\n<p>\u2022 Bilhete de Identidade vital\u00edcio (deixou de ser emitido a 31 de Dezembro de 2018).<\/p>\n<p>Estes documentos n\u00e3o s\u00e3o documentos de viagem e mant\u00eam-se igualmente v\u00e1lidos como documentos de identifica\u00e7\u00e3o em Portugal.<\/p>\n<p>Os cidad\u00e3os devem fazer a renova\u00e7\u00e3o do Cart\u00e3o de Cidad\u00e3o se:<\/p>\n<p>\u2022 o cart\u00e3o perder a validade nos pr\u00f3ximos seis meses ou se o cart\u00e3o estiver caducado;<\/p>\n<p>\u2022 tiver perdido o cart\u00e3o ou se este tiver sido furtado ou roubado;<\/p>\n<p>\u2022 pretender alterar os dados impressos no cart\u00e3o (fotografia e\/ou assinatura);<\/p>\n<p>\u2022 os elementos de identifica\u00e7\u00e3o \u2014 como nome, apelidos, sexo e filia\u00e7\u00e3o \u2014 estiverem desactualizados;<\/p>\n<p>\u2022 precisar de emitir novos certificados digitais (por revoga\u00e7\u00e3o dos anteriores);<\/p>\n<p>\u2022 o cart\u00e3o estiver em mau estado de conserva\u00e7\u00e3o ou de funcionamento.<\/p>\n","protected":false},"excerpt":{"rendered":"O Cart\u00e3o de Cidad\u00e3o \u00e9 v\u00e1lido at\u00e9 \u00e0 data impressa no documento mesmo ap\u00f3s a entrada em vigor&hellip;\n","protected":false},"author":2,"featured_media":208298,"comment_status":"","ping_status":"","sticky":false,"template":"","format":"standard","meta":{"footnotes":""},"categories":[10],"tags":[24643,27,28,34524,15,16,301,14,25,26,26952,21,22,12,13,19,20,32,23,24,33,58,17,18,29,30,31],"class_list":{"0":"post-208297","1":"post","2":"type-post","3":"status-publish","4":"format-standard","5":"has-post-thumbnail","7":"category-portugal","8":"tag-administracao-publica","9":"tag-breaking-news","10":"tag-breakingnews","11":"tag-cartao-de-cidadao","12":"tag-featured-news","13":"tag-featurednews","14":"tag-governo","15":"tag-headlines","16":"tag-latest-news","17":"tag-latestnews","18":"tag-loja-do-cidadao","19":"tag-main-news","20":"tag-mainnews","21":"tag-news","22":"tag-noticias","23":"tag-noticias-principais","24":"tag-noticiasprincipais","25":"tag-portugal","26":"tag-principais-noticias","27":"tag-principaisnoticias","28":"tag-pt","29":"tag-sociedade","30":"tag-top-stories","31":"tag-topstories","32":"tag-ultimas","33":"tag-ultimas-noticias","34":"tag-ultimasnoticias"},"share_on_mastodon":{"url":"https:\/\/pubeurope.com\/@pt\/115809921668531215","error":""},"_links":{"self":[{"href":"https:\/\/www.europesays.com\/pt\/wp-json\/wp\/v2\/posts\/208297","targetHints":{"allow":["GET"]}}],"collection":[{"href":"https:\/\/www.europesays.com\/pt\/wp-json\/wp\/v2\/posts"}],"about":[{"href":"https:\/\/www.europesays.com\/pt\/wp-json\/wp\/v2\/types\/post"}],"author":[{"embeddable":true,"href":"https:\/\/www.europesays.com\/pt\/wp-json\/wp\/v2\/users\/2"}],"replies":[{"embeddable":true,"href":"https:\/\/www.europesays.com\/pt\/wp-json\/wp\/v2\/comments?post=208297"}],"version-history":[{"count":0,"href":"https:\/\/www.europesays.com\/pt\/wp-json\/wp\/v2\/posts\/208297\/revisions"}],"wp:featuredmedia":[{"embeddable":true,"href":"https:\/\/www.europesays.com\/pt\/wp-json\/wp\/v2\/media\/208298"}],"wp:attachment":[{"href":"https:\/\/www.europesays.com\/pt\/wp-json\/wp\/v2\/media?parent=208297"}],"wp:term":[{"taxonomy":"category","embeddable":true,"href":"https:\/\/www.europesays.com\/pt\/wp-json\/wp\/v2\/categories?post=208297"},{"taxonomy":"post_tag","embeddable":true,"href":"https:\/\/www.europesays.com\/pt\/wp-json\/wp\/v2\/tags?post=208297"}],"curies":[{"name":"wp","href":"https:\/\/api.w.org\/{rel}","templated":true}]}}