{"id":208328,"date":"2025-12-30T18:53:17","date_gmt":"2025-12-30T18:53:17","guid":{"rendered":"https:\/\/www.europesays.com\/pt\/208328\/"},"modified":"2025-12-30T18:53:17","modified_gmt":"2025-12-30T18:53:17","slug":"russia-desloca-misseis-nucleares-para-bielorrussia-aumentando-tensao-na-europa","status":"publish","type":"post","link":"https:\/\/www.europesays.com\/pt\/208328\/","title":{"rendered":"R\u00fassia Desloca M\u00edsseis Nucleares para Bielorr\u00fassia, Aumentando Tens\u00e3o na Europa"},"content":{"rendered":"<p>O v\u00eddeo divulgado pelos minist\u00e9rios da Defesa da R\u00fassia e da Bielorr\u00fassia nesta ter\u00e7a-feira n\u00e3o especificou onde os sistemas de m\u00edsseis est\u00e3o a ser colocados em territ\u00f3rio bielorrusso, mas mostrou-os a serem transportados para florestas e camuflados com redes. &#8220;A divis\u00e3o de m\u00edsseis Oreshnik come\u00e7ou a realizar tarefas de combate em \u00e1reas designadas no pa\u00eds&#8221;, disse o Minist\u00e9rio da Defesa da Bielorr\u00fassia.<\/p>\n<p>Embora n\u00e3o haja certezas sobre a localiza\u00e7\u00e3o dos m\u00edsseis, h\u00e1 dias, <strong>dois investigadores americanos explicaram \u00e0 Reuters ter dados que lhes permitiam concluir que estes estariam a estacionados numa antiga base a\u00e9rea no leste da Bielorr\u00fassia.<\/strong><\/p>\n<p>Ap\u00f3s estudarem imagens de sat\u00e9lite da Planet Labs, Jeffrey Lewis e Decker Eveleth afirmaram que as imagens mostravam caracter\u00edsticas consistentes com uma base de m\u00edsseis estrat\u00e9gicos russos. <strong>Lewis e Eveleth disseram ter 90% de certeza de que os m\u00edsseis Oreshnik estariam estacionados na antiga base a\u00e9rea perto de Krichev, 307 km a leste de Minsk<\/strong>, a capital da Bielorr\u00fassia.<\/p>\n<p>Se no passado a rela\u00e7\u00e3o entre Putin e Lukashenko nem sempre foi f\u00e1cil, desde que Moscovo o ajudou a controlar as enormes manifesta\u00e7\u00f5es populares que se seguiram \u00e0s elei\u00e7\u00f5es de 2020 na Bielorr\u00fassia, que o homem que h\u00e1 tr\u00eas d\u00e9cadas manda naquela antiga rep\u00fablica sovi\u00e9tica n\u00e3o esconde a devo\u00e7\u00e3o a Putin. E <strong>desde a invas\u00e3o russa da Ucr\u00e2nia, em fevereiro de 2022, que o l\u00edder bielorrusso tem tido um papel determinante no apoio \u00e0 R\u00fassia. A come\u00e7ar logo no dia da invas\u00e3o, quando ofereceu o territ\u00f3rio bielorrusso como plataforma para as tropas russas e, desde ent\u00e3o, fornecendo uniformes, equipamento e material ao ex\u00e9rcito russo \u2013 mas n\u00e3o soldados.<\/strong><\/p>\n","protected":false},"excerpt":{"rendered":"O v\u00eddeo divulgado pelos minist\u00e9rios da Defesa da R\u00fassia e da Bielorr\u00fassia nesta ter\u00e7a-feira n\u00e3o especificou onde os&hellip;\n","protected":false},"author":2,"featured_media":208329,"comment_status":"","ping_status":"","sticky":false,"template":"","format":"standard","meta":{"footnotes":""},"categories":[50],"tags":[2870,27,28,15,16,15297,14,82,25,26,21,22,41003,62,12,13,19,20,23,24,839,17,18,840,29,30,31,2415,63,64,65],"class_list":{"0":"post-208328","1":"post","2":"type-post","3":"status-publish","4":"format-standard","5":"has-post-thumbnail","7":"category-mundo","8":"tag-bielorrussia","9":"tag-breaking-news","10":"tag-breakingnews","11":"tag-featured-news","12":"tag-featurednews","13":"tag-guerra-na-ucania","14":"tag-headlines","15":"tag-internacional","16":"tag-latest-news","17":"tag-latestnews","18":"tag-main-news","19":"tag-mainnews","20":"tag-misseis-nucleares","21":"tag-mundo","22":"tag-news","23":"tag-noticias","24":"tag-noticias-principais","25":"tag-noticiasprincipais","26":"tag-principais-noticias","27":"tag-principaisnoticias","28":"tag-russia","29":"tag-top-stories","30":"tag-topstories","31":"tag-ucrania","32":"tag-ultimas","33":"tag-ultimas-noticias","34":"tag-ultimasnoticias","35":"tag-vladimir-putin","36":"tag-world","37":"tag-world-news","38":"tag-worldnews"},"share_on_mastodon":{"url":"","error":"Validation failed: Text character limit of 500 exceeded"},"_links":{"self":[{"href":"https:\/\/www.europesays.com\/pt\/wp-json\/wp\/v2\/posts\/208328","targetHints":{"allow":["GET"]}}],"collection":[{"href":"https:\/\/www.europesays.com\/pt\/wp-json\/wp\/v2\/posts"}],"about":[{"href":"https:\/\/www.europesays.com\/pt\/wp-json\/wp\/v2\/types\/post"}],"author":[{"embeddable":true,"href":"https:\/\/www.europesays.com\/pt\/wp-json\/wp\/v2\/users\/2"}],"replies":[{"embeddable":true,"href":"https:\/\/www.europesays.com\/pt\/wp-json\/wp\/v2\/comments?post=208328"}],"version-history":[{"count":0,"href":"https:\/\/www.europesays.com\/pt\/wp-json\/wp\/v2\/posts\/208328\/revisions"}],"wp:featuredmedia":[{"embeddable":true,"href":"https:\/\/www.europesays.com\/pt\/wp-json\/wp\/v2\/media\/208329"}],"wp:attachment":[{"href":"https:\/\/www.europesays.com\/pt\/wp-json\/wp\/v2\/media?parent=208328"}],"wp:term":[{"taxonomy":"category","embeddable":true,"href":"https:\/\/www.europesays.com\/pt\/wp-json\/wp\/v2\/categories?post=208328"},{"taxonomy":"post_tag","embeddable":true,"href":"https:\/\/www.europesays.com\/pt\/wp-json\/wp\/v2\/tags?post=208328"}],"curies":[{"name":"wp","href":"https:\/\/api.w.org\/{rel}","templated":true}]}}