{"id":208332,"date":"2025-12-30T18:55:12","date_gmt":"2025-12-30T18:55:12","guid":{"rendered":"https:\/\/www.europesays.com\/pt\/208332\/"},"modified":"2025-12-30T18:55:12","modified_gmt":"2025-12-30T18:55:12","slug":"entrada-de-italianos-na-impresa-nas-maos-da-banca-e-cmvm-empresas","status":"publish","type":"post","link":"https:\/\/www.europesays.com\/pt\/208332\/","title":{"rendered":"Entrada de italianos na Impresa nas m\u00e3os da banca e CMVM &#8211; Empresas"},"content":{"rendered":"<p class=\"\">&#13;<br \/>\n        A entrada dos italianos do grupo Media For Europe (MFE) no capital da Impresa deu mais um passo, mas <b>n\u00e3o ser\u00e1 o \u00faltimo<\/b>. Oaumento de capital de 17,3 milh\u00f5es de euros j\u00e1 foi autorizado pelos acionistas da dona da SIC e do Expresso nesta segunda-feira, mas n\u00e3o \u00e9 suficiente, s\u00f3 por si, para o sucesso da opera\u00e7\u00e3o, que fica agora sujeita \u00e0 verifica\u00e7\u00e3o de <b>condi\u00e7\u00f5es precedentes<\/b>. &#13;\n    <\/p>\n","protected":false},"excerpt":{"rendered":"&#13; A entrada dos italianos do grupo Media For Europe (MFE) no capital da Impresa deu mais um&hellip;\n","protected":false},"author":2,"featured_media":208333,"comment_status":"","ping_status":"","sticky":false,"template":"","format":"standard","meta":{"footnotes":""},"categories":[8],"tags":[41004,475,27,28,41005,40955,15,16,14,22361,25,26,21,22,12,13,19,20,32,23,24,33,218,17,18,29,30,31],"class_list":{"0":"post-208332","1":"post","2":"type-post","3":"status-publish","4":"format-standard","5":"has-post-thumbnail","7":"category-principais-noticias","8":"tag-acionista","9":"tag-banca","10":"tag-breaking-news","11":"tag-breakingnews","12":"tag-comissao-do-mercado-de-valores-mobiliarios-cmvm","13":"tag-credito-e-divida","14":"tag-featured-news","15":"tag-featurednews","16":"tag-headlines","17":"tag-impresa","18":"tag-latest-news","19":"tag-latestnews","20":"tag-main-news","21":"tag-mainnews","22":"tag-news","23":"tag-noticias","24":"tag-noticias-principais","25":"tag-noticiasprincipais","26":"tag-portugal","27":"tag-principais-noticias","28":"tag-principaisnoticias","29":"tag-pt","30":"tag-televisao","31":"tag-top-stories","32":"tag-topstories","33":"tag-ultimas","34":"tag-ultimas-noticias","35":"tag-ultimasnoticias"},"share_on_mastodon":{"url":"https:\/\/pubeurope.com\/@pt\/115810043448986729","error":""},"_links":{"self":[{"href":"https:\/\/www.europesays.com\/pt\/wp-json\/wp\/v2\/posts\/208332","targetHints":{"allow":["GET"]}}],"collection":[{"href":"https:\/\/www.europesays.com\/pt\/wp-json\/wp\/v2\/posts"}],"about":[{"href":"https:\/\/www.europesays.com\/pt\/wp-json\/wp\/v2\/types\/post"}],"author":[{"embeddable":true,"href":"https:\/\/www.europesays.com\/pt\/wp-json\/wp\/v2\/users\/2"}],"replies":[{"embeddable":true,"href":"https:\/\/www.europesays.com\/pt\/wp-json\/wp\/v2\/comments?post=208332"}],"version-history":[{"count":0,"href":"https:\/\/www.europesays.com\/pt\/wp-json\/wp\/v2\/posts\/208332\/revisions"}],"wp:featuredmedia":[{"embeddable":true,"href":"https:\/\/www.europesays.com\/pt\/wp-json\/wp\/v2\/media\/208333"}],"wp:attachment":[{"href":"https:\/\/www.europesays.com\/pt\/wp-json\/wp\/v2\/media?parent=208332"}],"wp:term":[{"taxonomy":"category","embeddable":true,"href":"https:\/\/www.europesays.com\/pt\/wp-json\/wp\/v2\/categories?post=208332"},{"taxonomy":"post_tag","embeddable":true,"href":"https:\/\/www.europesays.com\/pt\/wp-json\/wp\/v2\/tags?post=208332"}],"curies":[{"name":"wp","href":"https:\/\/api.w.org\/{rel}","templated":true}]}}