{"id":208344,"date":"2025-12-30T19:08:08","date_gmt":"2025-12-30T19:08:08","guid":{"rendered":"https:\/\/www.europesays.com\/pt\/208344\/"},"modified":"2025-12-30T19:08:08","modified_gmt":"2025-12-30T19:08:08","slug":"diretor-executivo-rejeita-caos-no-sns-maioria-dos-hospitais-ativou-planos-de-contingencia","status":"publish","type":"post","link":"https:\/\/www.europesays.com\/pt\/208344\/","title":{"rendered":"Diretor-executivo rejeita caos no SNS. Maioria dos hospitais ativou planos de conting\u00eancia"},"content":{"rendered":"<p>&#13;<br \/>\nO diretor-executivo do Servi\u00e7o Nacional de Sa\u00fade rejeitou esta ter\u00e7a-feira que exista ou venha a existir nos pr\u00f3ximos dias uma situa\u00e7\u00e3o de \u201ccaos\u201d nas unidades hospitalares. \u00c1lvaro Santos Almeida lembrou que os planos de conting\u00eancia servem precisamente para evitar esse cen\u00e1rio e adiantou que a maioria dos hospitais j\u00e1 os ativaram.&#13;\n<\/p>\n<p>\nEm declara\u00e7\u00f5es aos jornalistas em Viseu, <b>\u00c1lvaro Santos Almeida rejeitou que se possa chegar a uma situa\u00e7\u00e3o de \u201ccaos\u201d<\/b>, j\u00e1 que \u201co SNS tem planos de conting\u00eancia\u201d e que a maioria das unidades j\u00e1 os acionaram.<\/p>\n<p>\u201cEsses planos servem precisamente para isso: para reagir a estes aumentos de procura. Naturalmente, nunca resolvem os problemas todos (\u2026) mas permitem que o SNS e as suas unidades respondam dentro do razo\u00e1vel\u201d, explicou.<\/p>\n<p>&#13;<br \/>\n\u201c<b>Praticamente todas as unidades ativaram os planos de conting\u00eancia<\/b>. N\u00f3s temos 11 unidades j\u00e1 no n\u00edvel tr\u00eas, que \u00e9 o n\u00edvel mais elevado; temos outras 11 no n\u00edvel dois e outras 11 no n\u00edvel um. Apenas quatro ou cinco n\u00e3o ativaram os planos de conting\u00eancia\u201d, acrescentou o respons\u00e1vel.&#13;\n<\/p>\n<p>&#13;<br \/>\nQuestionado sobre os tempos de espera no hospital Amadora-Sintra, o diretor-executivo reconheceu que \u201ch\u00e1 um problema no Hospital Fernando Fonseca\u201d e que \u201co resto do SNS est\u00e1 sob press\u00e3o, mas n\u00e3o h\u00e1 caos no SNS\u201d.&#13;\n<\/p>\n<p>Tempos de espera \u201cem linha como que \u00e9 habitual nesta \u00e9poca\u201d<br \/>\n\u00c1lvaro Santos Almeida afirmou ainda que as urg\u00eancias est\u00e3o limitadas \u201cpela capacidade de internar doentes\u201d, mas t\u00eam reagido \u201cbem\u201d neste per\u00edodo.<\/p>\n<p>O respons\u00e1vel lembrou que <b>a semana entre o Natal e a passagem de ano \u00e9 tradicionalmente \u201cmuito dif\u00edcil <\/b>do ponto de vista da resposta dos servi\u00e7os de sa\u00fade\u201d.<\/p>\n<p>\u201c\u00c9 em todo o mundo, n\u00e3o \u00e9 s\u00f3 em Portugal no SNS. \u00c9 no setor privado, \u00e9 em Espanha, no Reino Unido, \u00e9 em todo o lado\u201d, j\u00e1 que \u201ccoincide com os per\u00edodos de f\u00e9rias de muitos profissionais\u201d e com \u201cum per\u00edodo de atividade epid\u00e9mica gripal\u201d, elucidou.<br \/>&#13;\n<\/p>\n<p>          <img decoding=\"async\" itemprop=\"image\" class=\"img-fluid\"   src=\"https:\/\/www.europesays.com\/pt\/wp-content\/uploads\/2025\/12\/558916b5258da9639a32c845356c748d_N.jpg\"\/><\/p>\n<p>\nO diretor-executivo frisou ainda que <b>\u201cos tempos de espera, apesar de elevados (\u2026) t\u00eam estado em linha com o que \u00e9 habitual nesta \u00e9poca do ano\u201d ou at\u00e9 \u201cmelhor\u201d<\/b> do que \u00e9 habitual.<\/p>\n<p>\u201cEstamos com tempos de espera abaixo dos 80 minutos de m\u00e9dia e cheg\u00e1mos a ter, em anos anteriores, 130 minutos de m\u00e9dia nacional\u201d, adiantou.<\/p>\n","protected":false},"excerpt":{"rendered":"&#13; O diretor-executivo do Servi\u00e7o Nacional de Sa\u00fade rejeitou esta ter\u00e7a-feira que exista ou venha a existir nos&hellip;\n","protected":false},"author":2,"featured_media":208345,"comment_status":"","ping_status":"","sticky":false,"template":"","format":"standard","meta":{"footnotes":""},"categories":[10],"tags":[41006,27,28,15879,15,16,14,2648,25,26,21,22,12,13,19,20,32,23,24,33,850,2649,17,18,29,30,31],"class_list":{"0":"post-208344","1":"post","2":"type-post","3":"status-publish","4":"format-standard","5":"has-post-thumbnail","7":"category-portugal","8":"tag-alvaro-santos-almeida","9":"tag-breaking-news","10":"tag-breakingnews","11":"tag-contingencia","12":"tag-featured-news","13":"tag-featurednews","14":"tag-headlines","15":"tag-hospitais","16":"tag-latest-news","17":"tag-latestnews","18":"tag-main-news","19":"tag-mainnews","20":"tag-news","21":"tag-noticias","22":"tag-noticias-principais","23":"tag-noticiasprincipais","24":"tag-portugal","25":"tag-principais-noticias","26":"tag-principaisnoticias","27":"tag-pt","28":"tag-servico-nacional-de-saude","29":"tag-sns","30":"tag-top-stories","31":"tag-topstories","32":"tag-ultimas","33":"tag-ultimas-noticias","34":"tag-ultimasnoticias"},"share_on_mastodon":{"url":"https:\/\/pubeurope.com\/@pt\/115810095332992448","error":""},"_links":{"self":[{"href":"https:\/\/www.europesays.com\/pt\/wp-json\/wp\/v2\/posts\/208344","targetHints":{"allow":["GET"]}}],"collection":[{"href":"https:\/\/www.europesays.com\/pt\/wp-json\/wp\/v2\/posts"}],"about":[{"href":"https:\/\/www.europesays.com\/pt\/wp-json\/wp\/v2\/types\/post"}],"author":[{"embeddable":true,"href":"https:\/\/www.europesays.com\/pt\/wp-json\/wp\/v2\/users\/2"}],"replies":[{"embeddable":true,"href":"https:\/\/www.europesays.com\/pt\/wp-json\/wp\/v2\/comments?post=208344"}],"version-history":[{"count":0,"href":"https:\/\/www.europesays.com\/pt\/wp-json\/wp\/v2\/posts\/208344\/revisions"}],"wp:featuredmedia":[{"embeddable":true,"href":"https:\/\/www.europesays.com\/pt\/wp-json\/wp\/v2\/media\/208345"}],"wp:attachment":[{"href":"https:\/\/www.europesays.com\/pt\/wp-json\/wp\/v2\/media?parent=208344"}],"wp:term":[{"taxonomy":"category","embeddable":true,"href":"https:\/\/www.europesays.com\/pt\/wp-json\/wp\/v2\/categories?post=208344"},{"taxonomy":"post_tag","embeddable":true,"href":"https:\/\/www.europesays.com\/pt\/wp-json\/wp\/v2\/tags?post=208344"}],"curies":[{"name":"wp","href":"https:\/\/api.w.org\/{rel}","templated":true}]}}