{"id":208346,"date":"2025-12-30T19:09:08","date_gmt":"2025-12-30T19:09:08","guid":{"rendered":"https:\/\/www.europesays.com\/pt\/208346\/"},"modified":"2025-12-30T19:09:08","modified_gmt":"2025-12-30T19:09:08","slug":"russia-vai-endurecer-posicao-negocial-apos-ataque-que-ucrania-diz-ser-falso-guerra-na-ucrania","status":"publish","type":"post","link":"https:\/\/www.europesays.com\/pt\/208346\/","title":{"rendered":"R\u00fassia vai \u201cendurecer\u201d posi\u00e7\u00e3o negocial ap\u00f3s ataque que Ucr\u00e2nia diz ser falso | Guerra na Ucr\u00e2nia"},"content":{"rendered":"<p>O processo de paz que visa p\u00f4r fim \u00e0 invas\u00e3o russa da Ucr\u00e2nia sofreu mais um rev\u00e9s com a promessa de Moscovo de endurecimento da sua posi\u00e7\u00e3o negocial como resposta ao <a href=\"https:\/\/www.publico.pt\/2025\/12\/29\/mundo\/noticia\/putin-trump-ucrania-tentou-atacar-residencia-presidencial-ferias-2159576\" target=\"_blank\" rel=\"nofollow noopener\">alegado ataque<\/a> contra a resid\u00eancia de f\u00e9rias do Presidente, Vladimir Putin, que Kiev garante ser mentira.<\/p>\n<p>Num sinal que aponta para um aumento significativo da tens\u00e3o, esta ter\u00e7a-feira as autoridades russas divulgaram imagens da instala\u00e7\u00e3o de m\u00edsseis hipers\u00f3nicos <a href=\"https:\/\/www.publico.pt\/2024\/11\/22\/mundo\/noticia\/sao-misseis-oreshnik-podem-detectados-defesas-eua-2112939\" target=\"_blank\" rel=\"nofollow noopener\">Oreshnik<\/a>, o modelo mais avan\u00e7ado desenvolvido pela Federa\u00e7\u00e3o Russa, na Bielorr\u00fassia. Segundo as autoridades russas, este m\u00edssil pode atingir uma velocidade m\u00e1xima dez vezes superior \u00e0 velocidade do som e, por isso, n\u00e3o pode ser interceptado.<\/p>\n<p>Com um alcance de cinco mil quil\u00f3metros, poder\u00e1 atingir grande parte da Europa ocidental e a costa Oeste dos EUA. Em Novembro do ano passado, a R\u00fassia ter\u00e1 usado pela primeira vez um m\u00edssil deste calibre num cen\u00e1rio real contra a cidade de Dnipropetrovsk.<\/p>\n<p>        &#13;<\/p>\n<p>&#13;<br \/>\n                &#13;\n            <\/p>\n<p>&#13;<\/p>\n<p>O envio destes sistemas de m\u00edsseis com capacidade nuclear para um pa\u00eds que faz fronteira com v\u00e1rios membros da NATO foi interpretado como mais uma tentativa de press\u00e3o por parte de Moscovo, que tem feito da amea\u00e7a nuclear um instrumento de intimida\u00e7\u00e3o frequente.<\/p>\n<p>O Minist\u00e9rio da Defesa bielorrusso informou que a \u201cdivis\u00e3o de m\u00edsseis Oreshnik come\u00e7ou a desempenhar actividades de combate em \u00e1reas designadas do pa\u00eds\u201d, embora sem revelar a sua localiza\u00e7\u00e3o. No v\u00eddeo divulgado, segundo a Reuters, \u00e9 poss\u00edvel ver sistemas m\u00f3veis de lan\u00e7amento a serem conduzidos por estradas florestais, enquanto tropas especializadas camuflavam o equipamento com redes.<\/p>\n<p>O Governo de Minsk justificou a decis\u00e3o como uma resposta ao comportamento \u201cagressivo\u201d dos pa\u00edses ocidentais. O Presidente bielorrusso, Aleksander Lukashenko, j\u00e1 tinha anunciado, no in\u00edcio do m\u00eas, que cerca de uma dezena de m\u00edsseis Oreshnik seriam instalados no pa\u00eds que tem sido o principal aliado de Moscovo na guerra contra a Ucr\u00e2nia.<\/p>\n<p>H\u00e1 alguns dias, dois investigadores norte-americanos disseram ter identificado a instala\u00e7\u00e3o de m\u00edsseis com capacidade nuclear numa antiga base a\u00e9rea no Leste da Bielorr\u00fassia.<\/p>\n<p>Em 2023, os dois pa\u00edses j\u00e1 tinham assinado um <a href=\"https:\/\/www.publico.pt\/2023\/05\/25\/mundo\/noticia\/russia-assina-acordo-instalacao-armas-nucleares-tacticas-bielorrussia-2051006\" target=\"_blank\" rel=\"nofollow noopener\">acordo<\/a> que permite a transfer\u00eancia de armas nucleares t\u00e1cticas russas para a Bielorr\u00fassia.<\/p>\n<p>Ataque que ningu\u00e9m ouviu<\/p>\n<p>A divulga\u00e7\u00e3o das imagens da instala\u00e7\u00e3o dos m\u00edsseis Oreshnik coincide com mais um momento de tens\u00e3o entre a Ucr\u00e2nia e a R\u00fassia que poder\u00e1 p\u00f4r em causa os <a href=\"https:\/\/www.publico.pt\/2025\/12\/28\/mundo\/noticia\/trump-putin-empenhado-paz-dois-lideres-querem-chegar-acordo-2159496\" target=\"_blank\" rel=\"nofollow noopener\">esfor\u00e7os diplom\u00e1ticos<\/a> para alcan\u00e7ar um acordo de paz entre os dois pa\u00edses. Na segunda-feira, Moscovo acusou a Ucr\u00e2nia de ter tentado atingir com um ataque a\u00e9reo a resid\u00eancia de f\u00e9rias de Putin, na prov\u00edncia de Novgorod, e prometeu retaliar.<\/p>\n<p>A Ucr\u00e2nia negou ter tentado atingir a resid\u00eancia presidencial e acusou o Kremlin de querer sabotar o processo de negocia\u00e7\u00e3o. Numa conversa telef\u00f3nica, Putin informou o Presidente norte-americano, Donald Trump, que disse estar \u201cmuito zangado\u201d, embora tenha admitido que o ataque possa n\u00e3o ter ocorrido.<\/p>\n<p>Os aliados da Ucr\u00e2nia dizem n\u00e3o ter qualquer informa\u00e7\u00e3o que corrobore a alega\u00e7\u00e3o russa e acusam o Kremlin de estar \u00e0 procura de uma justifica\u00e7\u00e3o para uma nova escalada dos ataques contra o territ\u00f3rio ucraniano. Os membros da &#8220;coliga\u00e7\u00e3o das vontades&#8221; marcaram uma <a href=\"https:\/\/www.publico.pt\/2025\/12\/29\/mundo\/noticia\/macron-anuncia-reuniao-aliados-kiev-inicio-janeiro-2159516\" target=\"_blank\" rel=\"nofollow noopener\">reuni\u00e3o<\/a> de l\u00edderes para 6 de Janeiro, em Paris, para discutir as <a href=\"https:\/\/www.publico.pt\/2025\/12\/29\/mundo\/noticia\/garantias-seguranca-dadas-eua-ucrania-vao-durar-15-anos-zelensky-2159543\" target=\"_blank\" rel=\"nofollow noopener\">garantias de seguran\u00e7a<\/a> dadas a Kiev.<\/p>\n<p>        &#13;<\/p>\n<p>&#13;<br \/>\n                &#13;\n            <\/p>\n<p>&#13;<\/p>\n<p>Em declara\u00e7\u00f5es aos jornalistas na tarde desta ter\u00e7a-feira, o Presidente ucraniano, Volodymyr Zelensky, reafirmou a convic\u00e7\u00e3o ucraniana de que o ataque \u00e9 \u201cfalso\u201d e que o assunto foi discutido com as autoridades norte-americanas. \u201c\u00c9 claro que os nossos parceiros podem sempre verificar, gra\u00e7as \u00e0s suas capacidades t\u00e9cnicas, que [o ataque] foi forjado\u201d, disse o Presidente ucraniano, citado pela Reuters.<\/p>\n<p>O Minist\u00e9rio da Defesa russo disse que 91 drones foram lan\u00e7ados sobre as imedia\u00e7\u00f5es da resid\u00eancia e que todos foram interceptados pelas defesas antia\u00e9reas.<\/p>\n<p>O portal informativo independente russo Mozhem Obiasnit questionou v\u00e1rios habitantes da cidade de Valdai, pr\u00f3xima da resid\u00eancia presidencial, e nenhum referiu ter notado qualquer sinal de que tenha havido sobrevoo de drones na madrugada de segunda-feira. Ningu\u00e9m recebeu as habituais mensagens telef\u00f3nicas que d\u00e3o o alerta para drones, nem foram ouvidos sons de explos\u00f5es, segundo a reportagem citada pelo Moscow Times.<\/p>\n<p>\u201cSe alguma coisa assim tivesse acontecido, toda a cidade estaria a falar disso\u201d, afirmou um habitante ao jornal.<\/p>\n<p>Em Moscovo, o tom de desafio manteve-se e o porta-voz do Kremlin, Dmitri Peskov, acusou a Ucr\u00e2nia de ambicionar \u201co colapso do processo negocial\u201d. \u201cA consequ\u00eancia diplom\u00e1tica\u201d, acrescentou, \u201cser\u00e1 um endurecimento da posi\u00e7\u00e3o negocial da Federa\u00e7\u00e3o Russa\u201d.<\/p>\n","protected":false},"excerpt":{"rendered":"O processo de paz que visa p\u00f4r fim \u00e0 invas\u00e3o russa da Ucr\u00e2nia sofreu mais um rev\u00e9s com&hellip;\n","protected":false},"author":2,"featured_media":208347,"comment_status":"","ping_status":"","sticky":false,"template":"","format":"standard","meta":{"footnotes":""},"categories":[8],"tags":[27,28,445,15,16,889,14,25,26,21,22,62,12,13,19,20,32,23,24,33,839,17,18,840,29,30,31,2415],"class_list":{"0":"post-208346","1":"post","2":"type-post","3":"status-publish","4":"format-standard","5":"has-post-thumbnail","7":"category-principais-noticias","8":"tag-breaking-news","9":"tag-breakingnews","10":"tag-europa","11":"tag-featured-news","12":"tag-featurednews","13":"tag-guerra-na-ucrania","14":"tag-headlines","15":"tag-latest-news","16":"tag-latestnews","17":"tag-main-news","18":"tag-mainnews","19":"tag-mundo","20":"tag-news","21":"tag-noticias","22":"tag-noticias-principais","23":"tag-noticiasprincipais","24":"tag-portugal","25":"tag-principais-noticias","26":"tag-principaisnoticias","27":"tag-pt","28":"tag-russia","29":"tag-top-stories","30":"tag-topstories","31":"tag-ucrania","32":"tag-ultimas","33":"tag-ultimas-noticias","34":"tag-ultimasnoticias","35":"tag-vladimir-putin"},"share_on_mastodon":{"url":"https:\/\/pubeurope.com\/@pt\/115810098584358573","error":""},"_links":{"self":[{"href":"https:\/\/www.europesays.com\/pt\/wp-json\/wp\/v2\/posts\/208346","targetHints":{"allow":["GET"]}}],"collection":[{"href":"https:\/\/www.europesays.com\/pt\/wp-json\/wp\/v2\/posts"}],"about":[{"href":"https:\/\/www.europesays.com\/pt\/wp-json\/wp\/v2\/types\/post"}],"author":[{"embeddable":true,"href":"https:\/\/www.europesays.com\/pt\/wp-json\/wp\/v2\/users\/2"}],"replies":[{"embeddable":true,"href":"https:\/\/www.europesays.com\/pt\/wp-json\/wp\/v2\/comments?post=208346"}],"version-history":[{"count":0,"href":"https:\/\/www.europesays.com\/pt\/wp-json\/wp\/v2\/posts\/208346\/revisions"}],"wp:featuredmedia":[{"embeddable":true,"href":"https:\/\/www.europesays.com\/pt\/wp-json\/wp\/v2\/media\/208347"}],"wp:attachment":[{"href":"https:\/\/www.europesays.com\/pt\/wp-json\/wp\/v2\/media?parent=208346"}],"wp:term":[{"taxonomy":"category","embeddable":true,"href":"https:\/\/www.europesays.com\/pt\/wp-json\/wp\/v2\/categories?post=208346"},{"taxonomy":"post_tag","embeddable":true,"href":"https:\/\/www.europesays.com\/pt\/wp-json\/wp\/v2\/tags?post=208346"}],"curies":[{"name":"wp","href":"https:\/\/api.w.org\/{rel}","templated":true}]}}