{"id":208350,"date":"2025-12-30T19:13:08","date_gmt":"2025-12-30T19:13:08","guid":{"rendered":"https:\/\/www.europesays.com\/pt\/208350\/"},"modified":"2025-12-30T19:13:08","modified_gmt":"2025-12-30T19:13:08","slug":"leandro-reage-a-comentarios-ofensivos-dos-colegas-nao-desco-o-nivel-perante-pessoas-que-usam-estes-vocabulos-tvi","status":"publish","type":"post","link":"https:\/\/www.europesays.com\/pt\/208350\/","title":{"rendered":"Leandro reage a coment\u00e1rios ofensivos dos colegas: \u00abN\u00e3o des\u00e7o o n\u00edvel perante pessoas que usam estes voc\u00e1bulos\u00bb &#8211; TVI"},"content":{"rendered":"<ol>\n<li><a href=\"https:\/\/news.google.com\/rss\/articles\/CBMigAJBVV95cUxNRTFLTWVMZWs5eGJoWXRiY1M0ZzJWeUtMUl91Z2REcU5MQlJoeko2bHhlLUUwZGxiUFZiRm1sQ1R4OTlkS2MzSWpuQUNXQzhDVTNzSHByOUlFVkh1Q25HUHlYeUlsbXdYQXhTS1JWRjZyWjlGYnlGd0N2TDVrUVIwVmNhQUliVGFvUEVuSk04cllpWC1VcjdLUkYxVXRvSlo3WWdyVTl1b20wQ2NLZ3FUcUVINm1tTzJoQkp5d0p2OVBGRGtvQmJVODNoSE9HM0RqQV8wVDJnamQwMHlYdExnYnllaFlkTlBISXdtMGVRNlFaTU9NTlkwUk9vNTlpYkNU?oc=5\" target=\"_blank\" rel=\"nofollow noopener\">Leandro reage a coment\u00e1rios ofensivos dos colegas: \u00abN\u00e3o des\u00e7o o n\u00edvel perante pessoas que usam estes voc\u00e1bulos\u00bb<\/a>&nbsp;&nbsp;TVI<\/li>\n<li><a href=\"https:\/\/news.google.com\/rss\/articles\/CBMi8AFBVV95cUxOS0JCN0d3WVc2di1rd1BqYVpVUEZ5T0otVWpLczNEOVRKTmhPYllIYXZxR2tiZVRDcGJpa3BuTUJhbDRTRXBqNDd3Y3dPSUJDeXNEeUtlMF9IbjN2Q3pWOUFKeTR5azJBbTZvcWtPMjZHZUo2TnMzMENpd21OTFFaS0xiazMzVEdwMmZXR0hhSXFhNlYwQ1dfZmpYLTdwalVUX3hoM0huSHNSN3hIMHJZWEt0ODNHb0xZRU9YSWM3WEFDRlp6MGFMVVMwNFliSzFwdGJMajZCWWxRaHZvZzZ2TkREbmstdVlVZUxwRjFkajc?oc=5\" target=\"_blank\" rel=\"nofollow noopener\">Pedro leva Liliana ao limite! Discuss\u00e3o acesa acaba em l\u00e1grimas: \u00ab\u00c9s a \u00faltima pessoa a abrir a boca\u00bb<\/a>&nbsp;&nbsp;TVI<\/li>\n<li><a href=\"https:\/\/news.google.com\/rss\/articles\/CBMisgFBVV95cUxPYXVCYzJ3UmthajV0b3hCMVJ4cW5CRXl5M05JQUhURVZNOUdyY2NWSDdBZ1ZsR01yTmRWdzcteGdncFZWR2tzazlTeUZaU1Q5UHQ3bmRPWWw0MUJ0NWxzVkcwTUVSQm50elBWM1RTMEZOU3FGaGV1NktZajgzbjJQU0RVUHBIVXlwdTdMX1F6VlE4MlkyX0FNQmpRZW1sMVUyaUgxTmJCOS1IdDZ0dGI3R2N3?oc=5\" target=\"_blank\" rel=\"nofollow noopener\">Quem \u00e9? Vera confessa que j\u00e1 tem o cora\u00e7\u00e3o ocupado<\/a>&nbsp;&nbsp;TVI<\/li>\n<li><a href=\"https:\/\/news.google.com\/rss\/articles\/CBMi4wFBVV95cUxPRXdaWWN5bC1VMXQ2MFpobktRQXBZR3hycFNVVC03WUNWb293WUxPc0xOOXJZWktOekxTblNaUDlhUmp1MDBQRFhQX2VOQ2djTzFORHBGN2tWdGFxWDlMUHJFY29ySWl0Sm8tRmh4TnprN2w1djAxZ205STE2Mk9YRHUyclR6eUZSRDZ5TG5TVUtsY3UyRDVBRlpJU3JKTmZuYm9Fd2VMT0otMGc1SnBzd3lUQUM2d3htcGJvOGVJVEwxVGNHQi1lOVZ6aFBGeGszcEF4WlZRbm51M1VZLXhiZ0JYWQ?oc=5\" target=\"_blank\" rel=\"nofollow noopener\">\u00abEst\u00e3o a fazer tudo errado\u00bb: Francisco Monteiro tem opini\u00e3o pol\u00e9mica sobre Marisa e Pedro<\/a>&nbsp;&nbsp;TVI<\/li>\n<li><a href=\"https:\/\/news.google.com\/rss\/articles\/CBMiywFBVV95cUxQQmlkaDBxY3BIaUtyU3NjUDdORnNTT1FaUEk2SXZGVUhGcFRRZktKSGh1OXFzTmRiVEVlNlM0MlpyVU42MTN4aVNrSHYwZTRTODRDSmtJTkFwUEVpYlBic2FCTExWYWVzWDVLNTF4alI3ZEl0X1AxTzR1Q2tXWFNtV0JjdXJMN2FkZzNwR25pR0NZU1EwX3ZUR0dLdUNOa29UM3ZSR3czQWZRY2FsTm82TE5XMFRaMmwtVlBSeHYtaDZIN1NZaGRLZjRQUQ?oc=5\" target=\"_blank\" rel=\"nofollow noopener\">Hilariante! Comentadores enfrentam-se em Quizz sobre o Secret Story 9<\/a>&nbsp;&nbsp;TVI<\/li>\n<\/ol>\n","protected":false},"excerpt":{"rendered":"Leandro reage a coment\u00e1rios ofensivos dos colegas: \u00abN\u00e3o des\u00e7o o n\u00edvel perante pessoas que usam estes voc\u00e1bulos\u00bb&nbsp;&nbsp;TVI Pedro&hellip;\n","protected":false},"author":2,"featured_media":208351,"comment_status":"","ping_status":"","sticky":false,"template":"","format":"standard","meta":{"footnotes":""},"categories":[142],"tags":[19230,19231,114,115,12397,19229,32,33,151],"class_list":{"0":"post-208350","1":"post","2":"type-post","3":"status-publish","4":"format-standard","5":"has-post-thumbnail","7":"category-tv","8":"tag-analises-tvi","9":"tag-debates-casa-dos-segredos","10":"tag-entertainment","11":"tag-entretenimento","12":"tag-leandro","13":"tag-opiniao-comentadores","14":"tag-portugal","15":"tag-pt","16":"tag-tv"},"share_on_mastodon":{"url":"https:\/\/pubeurope.com\/@pt\/115810114109190469","error":""},"_links":{"self":[{"href":"https:\/\/www.europesays.com\/pt\/wp-json\/wp\/v2\/posts\/208350","targetHints":{"allow":["GET"]}}],"collection":[{"href":"https:\/\/www.europesays.com\/pt\/wp-json\/wp\/v2\/posts"}],"about":[{"href":"https:\/\/www.europesays.com\/pt\/wp-json\/wp\/v2\/types\/post"}],"author":[{"embeddable":true,"href":"https:\/\/www.europesays.com\/pt\/wp-json\/wp\/v2\/users\/2"}],"replies":[{"embeddable":true,"href":"https:\/\/www.europesays.com\/pt\/wp-json\/wp\/v2\/comments?post=208350"}],"version-history":[{"count":0,"href":"https:\/\/www.europesays.com\/pt\/wp-json\/wp\/v2\/posts\/208350\/revisions"}],"wp:featuredmedia":[{"embeddable":true,"href":"https:\/\/www.europesays.com\/pt\/wp-json\/wp\/v2\/media\/208351"}],"wp:attachment":[{"href":"https:\/\/www.europesays.com\/pt\/wp-json\/wp\/v2\/media?parent=208350"}],"wp:term":[{"taxonomy":"category","embeddable":true,"href":"https:\/\/www.europesays.com\/pt\/wp-json\/wp\/v2\/categories?post=208350"},{"taxonomy":"post_tag","embeddable":true,"href":"https:\/\/www.europesays.com\/pt\/wp-json\/wp\/v2\/tags?post=208350"}],"curies":[{"name":"wp","href":"https:\/\/api.w.org\/{rel}","templated":true}]}}