{"id":208383,"date":"2025-12-30T19:36:08","date_gmt":"2025-12-30T19:36:08","guid":{"rendered":"https:\/\/www.europesays.com\/pt\/208383\/"},"modified":"2025-12-30T19:36:08","modified_gmt":"2025-12-30T19:36:08","slug":"detido-para-cumprir-pena-de-prisao-por-bater-e-insultar-a-mulher-em-frente-as-filhas-menores","status":"publish","type":"post","link":"https:\/\/www.europesays.com\/pt\/208383\/","title":{"rendered":"Detido para cumprir pena de pris\u00e3o por bater e insultar a mulher em frente \u00e0s filhas menores"},"content":{"rendered":"<p data-remotead-prev-elm=\"true\" data-remotead-elm-id=\"inread\">O arguido foi julgado e condenado por dois crimes de viol\u00eancia dom\u00e9stica contra a esposa, de 43 anos, a quem injuriava, amea\u00e7ava e agredia fisicamente, e por outros dois crimes contra as filhas menores do casal, que assistiam repetidamente aos epis\u00f3dios de viol\u00eancia.<\/p>\n<p>Com a senten\u00e7a j\u00e1 transitada em julgado, o condenado foi localizado e detido, cerca das 12 horas do dia 24 de dezembro, na Rua do Aleixo, sendo conduzido ao Estabelecimento Prisional do Porto, onde iniciou o cumprimento da pena aplicada pelo tribunal.<\/p>\n","protected":false},"excerpt":{"rendered":"O arguido foi julgado e condenado por dois crimes de viol\u00eancia dom\u00e9stica contra a esposa, de 43 anos,&hellip;\n","protected":false},"author":2,"featured_media":208384,"comment_status":"","ping_status":"","sticky":false,"template":"","format":"standard","meta":{"footnotes":""},"categories":[10],"tags":[27,28,20018,15,16,14,603,25,26,21,22,12,13,19,20,32,23,24,33,17,18,29,30,31,3218],"class_list":{"0":"post-208383","1":"post","2":"type-post","3":"status-publish","4":"format-standard","5":"has-post-thumbnail","7":"category-portugal","8":"tag-breaking-news","9":"tag-breakingnews","10":"tag-concelho-porto","11":"tag-featured-news","12":"tag-featurednews","13":"tag-headlines","14":"tag-justica","15":"tag-latest-news","16":"tag-latestnews","17":"tag-main-news","18":"tag-mainnews","19":"tag-news","20":"tag-noticias","21":"tag-noticias-principais","22":"tag-noticiasprincipais","23":"tag-portugal","24":"tag-principais-noticias","25":"tag-principaisnoticias","26":"tag-pt","27":"tag-top-stories","28":"tag-topstories","29":"tag-ultimas","30":"tag-ultimas-noticias","31":"tag-ultimasnoticias","32":"tag-violencia-domestica"},"share_on_mastodon":{"url":"https:\/\/pubeurope.com\/@pt\/115810204761213823","error":""},"_links":{"self":[{"href":"https:\/\/www.europesays.com\/pt\/wp-json\/wp\/v2\/posts\/208383","targetHints":{"allow":["GET"]}}],"collection":[{"href":"https:\/\/www.europesays.com\/pt\/wp-json\/wp\/v2\/posts"}],"about":[{"href":"https:\/\/www.europesays.com\/pt\/wp-json\/wp\/v2\/types\/post"}],"author":[{"embeddable":true,"href":"https:\/\/www.europesays.com\/pt\/wp-json\/wp\/v2\/users\/2"}],"replies":[{"embeddable":true,"href":"https:\/\/www.europesays.com\/pt\/wp-json\/wp\/v2\/comments?post=208383"}],"version-history":[{"count":0,"href":"https:\/\/www.europesays.com\/pt\/wp-json\/wp\/v2\/posts\/208383\/revisions"}],"wp:featuredmedia":[{"embeddable":true,"href":"https:\/\/www.europesays.com\/pt\/wp-json\/wp\/v2\/media\/208384"}],"wp:attachment":[{"href":"https:\/\/www.europesays.com\/pt\/wp-json\/wp\/v2\/media?parent=208383"}],"wp:term":[{"taxonomy":"category","embeddable":true,"href":"https:\/\/www.europesays.com\/pt\/wp-json\/wp\/v2\/categories?post=208383"},{"taxonomy":"post_tag","embeddable":true,"href":"https:\/\/www.europesays.com\/pt\/wp-json\/wp\/v2\/tags?post=208383"}],"curies":[{"name":"wp","href":"https:\/\/api.w.org\/{rel}","templated":true}]}}