{"id":208387,"date":"2025-12-30T19:38:16","date_gmt":"2025-12-30T19:38:16","guid":{"rendered":"https:\/\/www.europesays.com\/pt\/208387\/"},"modified":"2025-12-30T19:38:16","modified_gmt":"2025-12-30T19:38:16","slug":"deputados-detonam-fabio-porchat-apos-fala-sobre-apps-midianews","status":"publish","type":"post","link":"https:\/\/www.europesays.com\/pt\/208387\/","title":{"rendered":"Deputados detonam F\u00e1bio Porchat ap\u00f3s fala sobre apps &#8211; MidiaNews"},"content":{"rendered":"<ol>\n<li><a href=\"https:\/\/news.google.com\/rss\/articles\/CBMioAFBVV95cUxPamxuN0I1VjhyVGlQYWNGR0tsWnVmVlUwZ3lzWEVBXzlTOU9CeDQ4aTJ6X1dtQURXeHE2cTVTeE8tYUxXbjVTWDcxWEhSaWpJVWFZZGo5eHRSQklrTmVmM3FpVmpfbXZJODh1QkxVallXYnB0azlIQXdrUGJBV2hEUm1YbUlKRHRXNlJKUnVpYVB5SnpOaGdmaWUwY2JGQm82?oc=5\" target=\"_blank\" rel=\"nofollow noopener\">Deputados detonam F\u00e1bio Porchat ap\u00f3s fala sobre apps<\/a>&nbsp;&nbsp;MidiaNews<\/li>\n<li><a href=\"https:\/\/news.google.com\/rss\/articles\/CBMi4AFBVV95cUxPUmQwaGhpd0Q5UmhsUVlhSkFZa0ZtODR4bFhVY1VTODhSSlRDX0w5LVB6WGoyZUduVXNENzdBYWx5Y1hoclc4VE11RmlRdThqUXVHSjZTbGpneVdqNFRjMzdxcEg3dlN4Y1dKSTJaRWRjNVhMQzIxZmVjdGRTbHZzWGVKVHVEXzJGbGtLd2hUT2d1cFMzNmttRFRvcXJQX3lQTTE3eG5fcmZMZm9SdC1uTlVxZnNmWFVDeDJXelhDc2N1TS1UT2VZc0gteUVIbnlYOHhnNmdla2FnNDduVDJDQ9IB5gFBVV95cUxOSXF6S1BvZVVmcVFvdEZ1TzJrMk5jQW5BTW9JaVJuOUxaTk9kb0ttYUxZd1lIRzR1NlJ5LXVyZHJ0amxVWXJJVDNQZTNoT1A5TFBZVW5vRFpPam0wR0c1YUdWQ0tJby1iX3ExYUIxU0xacDlHcmgtSUlDcjVMTkVsRWRBNGYzOGdJV1V2bmpJVGxfYTNScUlRQWl2UllZODdBaGRxWE1ZNHl1NjRDSllTclhwMnc5N1dvdUJqWk9tOWpfc21UV01ITGRUcEExOHF3aEZHVGZFOTdiaEVPSEMtZHExX3NCZw?oc=5\" target=\"_blank\" rel=\"nofollow noopener\">Deputados do Novo apontam hipocrisia de Porchat por fala contra trabalho por aplicativos<\/a>&nbsp;&nbsp;Folha de S.Paulo<\/li>\n<li><a href=\"https:\/\/news.google.com\/rss\/articles\/CBMirgFBVV95cUxPZDZYYkFxaVJHWGtDTkE1WVhlSjRYbTVYVll1MFRlcU1uSDhpMUx0emtyMzBGYmt5N0I3bmJOM0lrNVprLUJaaXNuX2c3R1BaQ0tvNXF0dk0tYzZMUUl0eDhiRE56eHI5T19QQTluVGtvdHNsczFpUDRaV3RrMjA4YlJ6dFFOVTd1QjJyVFU3Vi1xdWxMNlloUUpZS05ZSVRNTDlXNXRFajlXMkxLaHc?oc=5\" target=\"_blank\" rel=\"nofollow noopener\">Deputados detonam F\u00e1bio Porchat ap\u00f3s fala sobre apps de entrega<\/a>&nbsp;&nbsp;Metr\u00f3poles<\/li>\n<li><a href=\"https:\/\/news.google.com\/rss\/articles\/CBMiqgFBVV95cUxQVU5HclpMUHk3VUdRUmlJeDVUaENTalYzV0lQcHY2Ui1pdFhsc09lSlJza29qdjlfdzBLTjJueVNnbWc2RVdWSk5heUcxV1FUbFZBc3psU2MwdG9PbHA3QWpab3BEdWlEMEVNNGNsUUZGYWF0QmdjUm5ubEc2SDl4cVYtSnJGcTU5UVNkcTNaeUpKMFpDOV9aNkJ4T2lCZDVzY2dUUlFvNHdRdw?oc=5\" target=\"_blank\" rel=\"nofollow noopener\">Que hist\u00f3ria \u00e9 essa, Porchat? Ap\u00f3s criticas, apresentador vira garoto propaganda de app de entregas<\/a>&nbsp;&nbsp;Portal de Prefeitura<\/li>\n<li><a href=\"https:\/\/news.google.com\/rss\/articles\/CBMirwFBVV95cUxOS2NueUJ6cDRwUks4UzFKeTM1cnJxVFdIc3V1Tl9YUkdwRWRPSC11S2IwMHdpRkl1bU96MVp3MXZ1LVZoOWpFamJWZnVfVW4wZ2pGVkhTc1BfeXBRZkhkd3lNUXoxY01vMzh1bE1xV0xfSUtheTFZclpyZ3MyTTZIN2U0MUxrSW9BWU9MMHpsWUVuQzRwV0hPYnU2WTFsTHl0S0tZdnJlbGduRUJwLUh3?oc=5\" target=\"_blank\" rel=\"nofollow noopener\">V\u00cdDEO: F\u00e1bio Porchat \u00e9 chamado de hip\u00f3crita por deputados; entenda a pol\u00eamica<\/a>&nbsp;&nbsp;Revista F\u00f3rum<\/li>\n<\/ol>\n","protected":false},"excerpt":{"rendered":"Deputados detonam F\u00e1bio Porchat ap\u00f3s fala sobre apps&nbsp;&nbsp;MidiaNews Deputados do Novo apontam hipocrisia de Porchat por fala contra&hellip;\n","protected":false},"author":2,"featured_media":208388,"comment_status":"","ping_status":"","sticky":false,"template":"","format":"standard","meta":{"footnotes":""},"categories":[145],"tags":[211,210,114,115,3724,3723,32,33,3725],"class_list":{"0":"post-208387","1":"post","2":"type-post","3":"status-publish","4":"format-standard","5":"has-post-thumbnail","7":"category-celebridades","8":"tag-celebridades","9":"tag-celebrities","10":"tag-entertainment","11":"tag-entretenimento","12":"tag-noticias-da-capital","13":"tag-noticias-de-cuiaba","14":"tag-portugal","15":"tag-pt","16":"tag-urgente-cuiaba"},"share_on_mastodon":{"url":"https:\/\/pubeurope.com\/@pt\/115810212444239149","error":""},"_links":{"self":[{"href":"https:\/\/www.europesays.com\/pt\/wp-json\/wp\/v2\/posts\/208387","targetHints":{"allow":["GET"]}}],"collection":[{"href":"https:\/\/www.europesays.com\/pt\/wp-json\/wp\/v2\/posts"}],"about":[{"href":"https:\/\/www.europesays.com\/pt\/wp-json\/wp\/v2\/types\/post"}],"author":[{"embeddable":true,"href":"https:\/\/www.europesays.com\/pt\/wp-json\/wp\/v2\/users\/2"}],"replies":[{"embeddable":true,"href":"https:\/\/www.europesays.com\/pt\/wp-json\/wp\/v2\/comments?post=208387"}],"version-history":[{"count":0,"href":"https:\/\/www.europesays.com\/pt\/wp-json\/wp\/v2\/posts\/208387\/revisions"}],"wp:featuredmedia":[{"embeddable":true,"href":"https:\/\/www.europesays.com\/pt\/wp-json\/wp\/v2\/media\/208388"}],"wp:attachment":[{"href":"https:\/\/www.europesays.com\/pt\/wp-json\/wp\/v2\/media?parent=208387"}],"wp:term":[{"taxonomy":"category","embeddable":true,"href":"https:\/\/www.europesays.com\/pt\/wp-json\/wp\/v2\/categories?post=208387"},{"taxonomy":"post_tag","embeddable":true,"href":"https:\/\/www.europesays.com\/pt\/wp-json\/wp\/v2\/tags?post=208387"}],"curies":[{"name":"wp","href":"https:\/\/api.w.org\/{rel}","templated":true}]}}