{"id":208395,"date":"2025-12-30T19:44:14","date_gmt":"2025-12-30T19:44:14","guid":{"rendered":"https:\/\/www.europesays.com\/pt\/208395\/"},"modified":"2025-12-30T19:44:14","modified_gmt":"2025-12-30T19:44:14","slug":"alverca-ja-definiu-preco-do-medio","status":"publish","type":"post","link":"https:\/\/www.europesays.com\/pt\/208395\/","title":{"rendered":"Alverca j\u00e1 definiu pre\u00e7o do m\u00e9dio"},"content":{"rendered":"<p>&#8211; Advertisement &#8211;<\/p>\n<p><strong>O AC Milan e o City Group observaram Alex Amorim no Estoril x Alverca. Clube definiu pre\u00e7o nos 6 milh\u00f5es de euros por 80% do passe.<\/strong><\/p>\n<p>Alex Amorim est\u00e1 na mira do City Group e do AC Milan, garante o jornal Record, que j\u00e1 tinha colocado o m\u00e9dio do Alverca na<a href=\"https:\/\/bolanarede.pt\/especial-bola-na-rede\/atualidade\/medio-do-alverca-observado-pelo-benfica-e-pelo-sporting\/\" target=\"_blank\" rel=\"noreferrer noopener nofollow\"> lista do Benfica e do Sporting<\/a>. O jovem de 20 anos tem sido acompanhado pelos scouts dos ingleses e dos italianos. <\/p>\n<p>De acordo com a mesma fonte, v\u00e1rios clubes t\u00eam perguntado ao agente e ao Alverca por informa\u00e7\u00f5es de Alex Amorim. O emblema da Primeira Liga quer receber 6 milh\u00f5es de euros por 80% do m\u00e9dio brasileiro, cujo contrato \u00e9 v\u00e1lido at\u00e9 2028.<\/p>\n<p>\u00abClaro que todo o atleta sonha em jogar ao mais alto n\u00edvel, mas hoje estou focado no Alverca e no objetivo de perman\u00eancia. \u00c9 para isso que trabalho no dia-a-dia e a camisola por que eu batalho \u00e9 a do Alverca\u00bb, disse Alex Amorim no final do encontro, em que o seu clube perdeu com o Estoril Praia por 4-1 na Primeira Liga.<\/p>\n","protected":false},"excerpt":{"rendered":"&#8211; Advertisement &#8211; O AC Milan e o City Group observaram Alex Amorim no Estoril x Alverca. Clube&hellip;\n","protected":false},"author":2,"featured_media":208396,"comment_status":"","ping_status":"","sticky":false,"template":"","format":"standard","meta":{"footnotes":""},"categories":[87],"tags":[7002,5739,260,41013,135,32,479,33,134],"class_list":{"0":"post-208395","1":"post","2":"type-post","3":"status-publish","4":"format-standard","5":"has-post-thumbnail","7":"category-desporto","8":"tag-ac-milan","9":"tag-alverca","10":"tag-atualidade","11":"tag-city-group","12":"tag-desporto","13":"tag-portugal","14":"tag-primeira-liga","15":"tag-pt","16":"tag-sports"},"share_on_mastodon":{"url":"https:\/\/pubeurope.com\/@pt\/115810236169357944","error":""},"_links":{"self":[{"href":"https:\/\/www.europesays.com\/pt\/wp-json\/wp\/v2\/posts\/208395","targetHints":{"allow":["GET"]}}],"collection":[{"href":"https:\/\/www.europesays.com\/pt\/wp-json\/wp\/v2\/posts"}],"about":[{"href":"https:\/\/www.europesays.com\/pt\/wp-json\/wp\/v2\/types\/post"}],"author":[{"embeddable":true,"href":"https:\/\/www.europesays.com\/pt\/wp-json\/wp\/v2\/users\/2"}],"replies":[{"embeddable":true,"href":"https:\/\/www.europesays.com\/pt\/wp-json\/wp\/v2\/comments?post=208395"}],"version-history":[{"count":0,"href":"https:\/\/www.europesays.com\/pt\/wp-json\/wp\/v2\/posts\/208395\/revisions"}],"wp:featuredmedia":[{"embeddable":true,"href":"https:\/\/www.europesays.com\/pt\/wp-json\/wp\/v2\/media\/208396"}],"wp:attachment":[{"href":"https:\/\/www.europesays.com\/pt\/wp-json\/wp\/v2\/media?parent=208395"}],"wp:term":[{"taxonomy":"category","embeddable":true,"href":"https:\/\/www.europesays.com\/pt\/wp-json\/wp\/v2\/categories?post=208395"},{"taxonomy":"post_tag","embeddable":true,"href":"https:\/\/www.europesays.com\/pt\/wp-json\/wp\/v2\/tags?post=208395"}],"curies":[{"name":"wp","href":"https:\/\/api.w.org\/{rel}","templated":true}]}}