{"id":208424,"date":"2025-12-30T20:05:11","date_gmt":"2025-12-30T20:05:11","guid":{"rendered":"https:\/\/www.europesays.com\/pt\/208424\/"},"modified":"2025-12-30T20:05:11","modified_gmt":"2025-12-30T20:05:11","slug":"gouveia-e-melo-nao-e-arguido-na-investigacao-aos-ajustes-diretos-na-marinha","status":"publish","type":"post","link":"https:\/\/www.europesays.com\/pt\/208424\/","title":{"rendered":"Gouveia e Melo n\u00e3o \u00e9 arguido na investiga\u00e7\u00e3o aos ajustes diretos na Marinha"},"content":{"rendered":"<p data-remotead-prev-elm=\"true\" data-remotead-elm-id=\"inread\">&#8220;Confirma-se apenas a exist\u00eancia de inqu\u00e9rito relacionado com a mat\u00e9ria referida. O mesmo encontra-se em fase final de investiga\u00e7\u00e3o no DIAP de Almada. A pessoa referida n\u00e3o \u00e9 arguida no processo&#8221;, l\u00ea-se na resposta enviada ao JN pela Procuradoria-Geral da Rep\u00fablica.<\/p>\n<blockquote data-type=\"articles\" data-id=\"related-article-18035210\"><p>\n              <strong>Leia tamb\u00e9m <\/strong><br \/>\n              <a href=\"https:\/\/www.jn.pt\/nacional\/artigo\/empresa-dos-ajustes-diretos-da-marinha-partilhava-sede-e-socio-com-tres-firmas\/18035210\" rel=\"nofollow noopener\" target=\"_blank\">Empresa dos ajustes diretos da Marinha partilhava sede e s\u00f3cio com tr\u00eas firmas<\/a>\n            <\/p><\/blockquote>\n<p>A 20 dias das elei\u00e7\u00f5es presidenciais, a pr\u00e9-campanha agitou-se fora do terreno, ap\u00f3s a not\u00edcia da revista &#8220;Sab\u00e1do&#8221;, na segunda-feira. O inqu\u00e9rito que recai sobre o candidato a Bel\u00e9m traz \u00e0 tona uma <a href=\"https:\/\/www.jn.pt\/nacional\/artigo\/empresa-dos-ajustes-diretos-da-marinha-partilhava-sede-e-socio-com-tres-firmas\/18035210\" target=\"_blank\" rel=\"nofollow noopener\">investiga\u00e7\u00e3o levada a cabo pela Pol\u00edcia Judici\u00e1ria Militar (PJM) h\u00e1 quatro anos. <\/a>Na altura, a PJM identificou 57 contratos suspeitos adjudicados pela Marinha \u00e0 Proskipper, especialista em material de mar e equipamentos, e validados pelo almirante. A investiga\u00e7\u00e3o notou uma concentra\u00e7\u00e3o excessiva de ajustes diretos da Armada \u00e0 empresa, mas o TdC acabou por perdoar o ex-militar, nomeadamente de infra\u00e7\u00f5es \u00e0 lei dos contratos p\u00fablicos.<\/p>\n<p data-remotead-prev-elm=\"true\" data-remotead-elm-id=\"centro1\">Os contratos analisados pelos ju\u00edzes referem-se a 2018 e envolvem a aquisi\u00e7\u00e3o de material, como luvas, casacos, cal\u00e7as ou mochilas, num total superior a 31 mil euros. O TdC referiu que, a &#8220;partir de maio de 2018, o fornecimento dos bens j\u00e1 n\u00e3o poderia ser adjudicado \u00e0 mesma entidade&#8221;, uma vez que foi ultrapassado o valor limite para a adjudica\u00e7\u00e3o de ajustes diretos, estabelecido em 20 mil euros, mas descartou responsabilidades do almirante.<\/p>\n<p>&#8220;Em estruturas organizativas complexas, como \u00e9 o caso da Marinha, n\u00e3o se exige que o autorizador dos pagamentos, nomeadamente quando se trata dos comandantes das unidades e que s\u00e3o oficiais superiores ou, at\u00e9, oficiais generais, analisem pessoal e individualmente cada pagamento que lhes \u00e9 submetido para aprova\u00e7\u00e3o&#8221;, l\u00ea-se no relat\u00f3rio. Gouveia e Melo rejeitou proveitos pr\u00f3prios dos contratos celebrados. &#8220;S\u00f3 ganhei o meu ordenado (&#8230;) Venham acusar-me na cara e com provas de que tive ganhos diretos. N\u00e3o venham \u00e9 insinuar&#8221;, afirmou.<\/p>\n","protected":false},"excerpt":{"rendered":"&#8220;Confirma-se apenas a exist\u00eancia de inqu\u00e9rito relacionado com a mat\u00e9ria referida. O mesmo encontra-se em fase final de&hellip;\n","protected":false},"author":2,"featured_media":208425,"comment_status":"","ping_status":"","sticky":false,"template":"","format":"standard","meta":{"footnotes":""},"categories":[8],"tags":[27,28,15,16,9498,14,25,26,21,22,16567,619,12,13,19,20,6855,32,23,24,33,17,18,29,30,31],"class_list":{"0":"post-208424","1":"post","2":"type-post","3":"status-publish","4":"format-standard","5":"has-post-thumbnail","7":"category-principais-noticias","8":"tag-breaking-news","9":"tag-breakingnews","10":"tag-featured-news","11":"tag-featurednews","12":"tag-gouveia-e-melo","13":"tag-headlines","14":"tag-latest-news","15":"tag-latestnews","16":"tag-main-news","17":"tag-mainnews","18":"tag-ministerio-publico","19":"tag-nacional","20":"tag-news","21":"tag-noticias","22":"tag-noticias-principais","23":"tag-noticiasprincipais","24":"tag-pgr","25":"tag-portugal","26":"tag-principais-noticias","27":"tag-principaisnoticias","28":"tag-pt","29":"tag-top-stories","30":"tag-topstories","31":"tag-ultimas","32":"tag-ultimas-noticias","33":"tag-ultimasnoticias"},"share_on_mastodon":{"url":"https:\/\/pubeurope.com\/@pt\/115810318875292964","error":""},"_links":{"self":[{"href":"https:\/\/www.europesays.com\/pt\/wp-json\/wp\/v2\/posts\/208424","targetHints":{"allow":["GET"]}}],"collection":[{"href":"https:\/\/www.europesays.com\/pt\/wp-json\/wp\/v2\/posts"}],"about":[{"href":"https:\/\/www.europesays.com\/pt\/wp-json\/wp\/v2\/types\/post"}],"author":[{"embeddable":true,"href":"https:\/\/www.europesays.com\/pt\/wp-json\/wp\/v2\/users\/2"}],"replies":[{"embeddable":true,"href":"https:\/\/www.europesays.com\/pt\/wp-json\/wp\/v2\/comments?post=208424"}],"version-history":[{"count":0,"href":"https:\/\/www.europesays.com\/pt\/wp-json\/wp\/v2\/posts\/208424\/revisions"}],"wp:featuredmedia":[{"embeddable":true,"href":"https:\/\/www.europesays.com\/pt\/wp-json\/wp\/v2\/media\/208425"}],"wp:attachment":[{"href":"https:\/\/www.europesays.com\/pt\/wp-json\/wp\/v2\/media?parent=208424"}],"wp:term":[{"taxonomy":"category","embeddable":true,"href":"https:\/\/www.europesays.com\/pt\/wp-json\/wp\/v2\/categories?post=208424"},{"taxonomy":"post_tag","embeddable":true,"href":"https:\/\/www.europesays.com\/pt\/wp-json\/wp\/v2\/tags?post=208424"}],"curies":[{"name":"wp","href":"https:\/\/api.w.org\/{rel}","templated":true}]}}