{"id":208460,"date":"2025-12-30T20:38:12","date_gmt":"2025-12-30T20:38:12","guid":{"rendered":"https:\/\/www.europesays.com\/pt\/208460\/"},"modified":"2025-12-30T20:38:12","modified_gmt":"2025-12-30T20:38:12","slug":"lidia-volta-a-carga-contra-dylan-e-denuncia-comportamentos-nos-bastidores-da-casa-dos-segredos-estrelas","status":"publish","type":"post","link":"https:\/\/www.europesays.com\/pt\/208460\/","title":{"rendered":"L\u00eddia volta \u00e0 carga contra Dylan e denuncia comportamentos nos bastidores da Casa dos Segredos &#8211; Estrelas"},"content":{"rendered":"<p>A guerra entre Dylan Fonte, de 29 anos de idade, e L\u00eddia Rodrigues, de 25 anos de idade, est\u00e1 ao rubro fora da \u2018Casa dos Segredos 9\u2019. Os ex-concorrentes n\u00e3o se entendem e depois da pol\u00e9mica na gala de domingo, 28 de dezembro, a cartomante explodiu e fez um v\u00eddeo arrasador a atacar o outrora amigo e em que at\u00e9 questionou o seu futuro com In\u00eas. <\/p>\n<p>        &#13;<\/p>\n<p>                        &#13;<br \/>\n                            <img decoding=\"async\" src=\"https:\/\/www.europesays.com\/pt\/wp-content\/uploads\/2025\/12\/img_220x220uu2025-12-29-21-27-16-401248-im-639026404688112778.jpg\" class=\"img_fluid\" loading=\"lazy\" alt=\"\"\/>&#13;<\/p>\n<p class=\"title\">Ler tamb\u00e9m<\/p>\n<p>                    <a href=\"https:\/\/www.tvguia.pt\/videos\/detalhe\/as-conversas-secretas-com-a-mae-dele-a-ajuda-financeira-e-as-mentiras-para-ser-falado-tudo-o-que-lidia-disse-para-desmascarar-dylan-apos-polemica-na-casa-dos-segredos\" class=\"streched_link\" title=\"\" content_list_position=\"1\" rel=\"nofollow noopener\" target=\"_blank\">As conversas secretas com a m\u00e3e dele, a ajuda financeira e as mentiras para ser falado: tudo o que L\u00eddia disse para desmascarar Dylan ap\u00f3s pol\u00e9mica na Casa dos Segredos<\/a><\/p>\n<p>            &#13;<\/p>\n<p>N\u00e3o obstante, a nortenha voltou \u00e0 carga e partilhou uma nova resposta ao milion\u00e1rio. F\u00ea-lo porque <b>\u201cse todos se calarem a estas pessoas, elas acham-se com mais ego e com mais poder.\u201d \u201cEssa do &#8216;n\u00e3o me vou chatear&#8217; n\u00e3o cola. Estamos em plena televis\u00e3o, seja no dia a dia normal, n\u00e3o devemos permitir se quer que haja pessoas a colocar em quest\u00e3o a nossa \u00edndole que dir\u00e1 colocar a minha perante um pa\u00eds inteiro. Aqui vai falar, vai ouvir\u201d<\/b>, come\u00e7ou por dizer. <\/p>\n<p>        &#13;<\/p>\n<p>                        &#13;<br \/>\n                            <img decoding=\"async\" src=\"https:\/\/www.europesays.com\/pt\/wp-content\/uploads\/2025\/12\/img_220x220uu2025-12-29-14-19-34-401237-im-639026148330946898.jpg\" class=\"img_fluid\" loading=\"lazy\" alt=\"\"\/>&#13;<\/p>\n<p class=\"title\">Ler tamb\u00e9m<\/p>\n<p>                    <a href=\"https:\/\/www.tvguia.pt\/estrelas\/detalhe\/guerra-fora-da-casa-dos-segredos-lidia-atira-se-a-dylan-apos-acusacoes-revela-segredos-da-relacao-com-a-mae-dele-e-faz-insinuacoes-graves-sobre-o-futuro-com-ines\" class=\"streched_link\" title=\"\" content_list_position=\"2\" rel=\"nofollow noopener\" target=\"_blank\">Guerra fora da Casa dos Segredos: L\u00eddia atira-se a Dylan ap\u00f3s acusa\u00e7\u00f5es, revela segredos da rela\u00e7\u00e3o com a m\u00e3e dele e faz insinua\u00e7\u00f5es graves sobre o futuro com In\u00eas<\/a><\/p>\n<p>            &#13;<\/p>\n<p>Na opini\u00e3o de L\u00eddia, e apesar de muita gente a aconselhar a n\u00e3o descer do salto, n\u00e3o o consegue fazer. <b>\u201cN\u00e3o me importo e depois coloco o salto novamente. Imaginem voc\u00eas que lutaram e sabem, t\u00eam a certeza absoluta, de quem voc\u00eas s\u00e3o todos os santos dias. E todos os dias h\u00e1 pessoas que tentam manchar a vossa imagem. Claro que t\u00eam de se defender, claro que deve algu\u00e9m que se deve levantar todos os dias para combater pessoas como ele que acham que o dinheiro pode comprar qualquer coisa. Eu com ou sem dinheiro sou muito pesinho no ch\u00e3o&#8221;<\/b>, defendeu-se. <\/p>\n<p>        &#8220;O Dylan saiu c\u00e1 para fora, nunca falou comigo, sentou-se \u00e0 mesa a falar mal de mim, inclusive disse a outras pessoas que era melhor n\u00e3o estarmos no mesmo s\u00edtio&#8221;<\/p>\n<p>l\u00eddia rodrigues<\/p>\n<p>Mas n\u00e3o se ficou por aqui. A cartomante aproveitou ainda para denunciar mais uma pol\u00e9mica nos bastidores do reality show. <b>\u201cH\u00e1 uma coisa muito importante que quero esclarecer que foi quando ele disse quer sou uma cobra venenosa. Cheguei ao est\u00fadio e n\u00e3o cumprimentei ningu\u00e9m, porque como sabem eu e a Bruna nunca fomos amigas, nunca gost\u00e1mos uma da outra, nunca simpatiz\u00e1mos uma com a outra. Vou cumprimentar a Bruna porqu\u00ea? O Dylan saiu c\u00e1 para fora, nunca falou comigo, sentou-se \u00e0 mesa a falar mal de mim, inclusive disse a outras pessoas que era melhor n\u00e3o estarmos no mesmo s\u00edtio&#8221;<\/b>, afirmou. <\/p>\n<p>            &#13;<br \/>\n                &#13;<\/p>\n<p>Apesar de isto inicialmente a ter surpreendido, hoje n\u00e3o tem d\u00favidas de que \u00e9 o melhor. <b>\u201cRealmente \u00e9 n\u00e3o estar no mesmo s\u00edtio, porque \u00e9 que eu haveria de cumprimentar uma pessoa assim? Para ser hip\u00f3crita, se eu cumprimentasse ele j\u00e1 n\u00e3o ficava assim, se eu fosse hip\u00f3crita. Mas como eu passei e andei, porque n\u00e3o sou hip\u00f3crita, assim j\u00e1 n\u00e3o interesso, j\u00e1 sou ingrata, poupe-me!<\/b>\u201d, rematou. <\/p>\n<p>            &#13;<br \/>\n                &#13;<br \/>\n&#13;<br \/>\n&#13;<br \/>\n    &#13;<br \/>\n&#13;<br \/>\n&#13;<\/p>\n","protected":false},"excerpt":{"rendered":"A guerra entre Dylan Fonte, de 29 anos de idade, e L\u00eddia Rodrigues, de 25 anos de idade,&hellip;\n","protected":false},"author":2,"featured_media":208461,"comment_status":"","ping_status":"","sticky":false,"template":"","format":"standard","meta":{"footnotes":""},"categories":[142],"tags":[2632,114,115,32,33,218,151],"class_list":{"0":"post-208460","1":"post","2":"type-post","3":"status-publish","4":"format-standard","5":"has-post-thumbnail","7":"category-tv","8":"tag-casa-dos-segredos","9":"tag-entertainment","10":"tag-entretenimento","11":"tag-portugal","12":"tag-pt","13":"tag-televisao","14":"tag-tv"},"share_on_mastodon":{"url":"https:\/\/pubeurope.com\/@pt\/115810448416510294","error":""},"_links":{"self":[{"href":"https:\/\/www.europesays.com\/pt\/wp-json\/wp\/v2\/posts\/208460","targetHints":{"allow":["GET"]}}],"collection":[{"href":"https:\/\/www.europesays.com\/pt\/wp-json\/wp\/v2\/posts"}],"about":[{"href":"https:\/\/www.europesays.com\/pt\/wp-json\/wp\/v2\/types\/post"}],"author":[{"embeddable":true,"href":"https:\/\/www.europesays.com\/pt\/wp-json\/wp\/v2\/users\/2"}],"replies":[{"embeddable":true,"href":"https:\/\/www.europesays.com\/pt\/wp-json\/wp\/v2\/comments?post=208460"}],"version-history":[{"count":0,"href":"https:\/\/www.europesays.com\/pt\/wp-json\/wp\/v2\/posts\/208460\/revisions"}],"wp:featuredmedia":[{"embeddable":true,"href":"https:\/\/www.europesays.com\/pt\/wp-json\/wp\/v2\/media\/208461"}],"wp:attachment":[{"href":"https:\/\/www.europesays.com\/pt\/wp-json\/wp\/v2\/media?parent=208460"}],"wp:term":[{"taxonomy":"category","embeddable":true,"href":"https:\/\/www.europesays.com\/pt\/wp-json\/wp\/v2\/categories?post=208460"},{"taxonomy":"post_tag","embeddable":true,"href":"https:\/\/www.europesays.com\/pt\/wp-json\/wp\/v2\/tags?post=208460"}],"curies":[{"name":"wp","href":"https:\/\/api.w.org\/{rel}","templated":true}]}}