{"id":208465,"date":"2025-12-30T20:42:07","date_gmt":"2025-12-30T20:42:07","guid":{"rendered":"https:\/\/www.europesays.com\/pt\/208465\/"},"modified":"2025-12-30T20:42:07","modified_gmt":"2025-12-30T20:42:07","slug":"campanha-contra-brucelose-termina-nesta-quarta-31","status":"publish","type":"post","link":"https:\/\/www.europesays.com\/pt\/208465\/","title":{"rendered":"campanha contra brucelose termina nesta quarta (31)"},"content":{"rendered":"<p style=\"text-align:justify\">A Defesa Agropecu\u00e1ria da Secretaria de Agricultura e Abastecimento do Estado de S\u00e3o Paulo informou que a campanha de vacina\u00e7\u00e3o contra a brucelose referente ao segundo semestre termina nesta quarta-feira, 31 de dezembro. Segundo o \u00f3rg\u00e3o, a etapa seguinte, v\u00e1lida para o primeiro semestre de 2026, come\u00e7a na quinta-feira, 1\u00ba de janeiro, com prazo para imuniza\u00e7\u00e3o das bezerras bovinas e bubalinas de tr\u00eas a oito meses de idade at\u00e9 30 de junho.&#13;\n<\/p>\n<p style=\"text-align:justify\">De acordo com a Defesa Agropecu\u00e1ria, por se tratar de \u201cvacina viva, pass\u00edvel de infec\u00e7\u00e3o para quem a manipula\u201d, a aplica\u00e7\u00e3o deve ser realizada exclusivamente por m\u00e9dico-veterin\u00e1rio cadastrado. O profissional \u00e9 respons\u00e1vel tanto pela correta aplica\u00e7\u00e3o do imunizante quanto pela emiss\u00e3o do atestado de vacina\u00e7\u00e3o ao produtor.<\/p>\n<p style=\"text-align:justify\">A declara\u00e7\u00e3o da vacina\u00e7\u00e3o deve ser feita pelo m\u00e9dico-veterin\u00e1rio no <a href=\"https:\/\/www.defesa.agricultura.sp.gov.br\/credenciados\/?_gl=1*1pw5ieu*_ga*ODY2OTU4NzQ2LjE3NjAzODczOTA.*_ga_5E2ER3DWNF*czE3NjcxMjQwNzIkbzMyJGcxJHQxNzY3MTI0NTQyJGo2MCRsMCRoMA..\" target=\"_blank\" rel=\"nofollow noopener\">sistema informatizado<\/a> de gest\u00e3o de defesa animal e vegetal, o Gedave. O registro precisa ocorrer em at\u00e9 quatro dias ap\u00f3s a aplica\u00e7\u00e3o da vacina e dentro do per\u00edodo da campanha para que a imuniza\u00e7\u00e3o seja validada. A Defesa Agropecu\u00e1ria ressalta que exce\u00e7\u00f5es ocorrem em casos de diverg\u00eancia entre o n\u00famero de animais vacinados e o saldo do rebanho declarado pelo produtor no sistema.&#13;\n<\/p>\n<p style=\"text-align:justify\">Nessas situa\u00e7\u00f5es, conforme o \u00f3rg\u00e3o, \u201co m\u00e9dico-veterin\u00e1rio e o produtor ser\u00e3o notificados das pend\u00eancias por meio de mensagem eletr\u00f4nica\u201d, enviada ao e-mail cadastrado no Gedave. A regulariza\u00e7\u00e3o \u00e9 necess\u00e1ria para a efetiva\u00e7\u00e3o da declara\u00e7\u00e3o.<\/p>\n<p style=\"text-align:justify\">O Estado de S\u00e3o Paulo adotou um modelo alternativo de identifica\u00e7\u00e3o da vacina\u00e7\u00e3o contra a brucelose, aprovado pelo Minist\u00e9rio da Agricultura e Pecu\u00e1ria. A alternativa, n\u00e3o obrigat\u00f3ria, substitui a marca\u00e7\u00e3o a fogo e utiliza bottons para identificar os animais imunizados. O botton amarelo identifica f\u00eameas vacinadas com a B19, enquanto o azul indica a vacina\u00e7\u00e3o com a RB 51.<\/p>\n<p style=\"text-align:justify\">Segundo a Defesa Agropecu\u00e1ria, em casos de perda ou dano que comprometam a identifica\u00e7\u00e3o, deve ser solicitada nova aplica\u00e7\u00e3o ao m\u00e9dico-veterin\u00e1rio respons\u00e1vel ou ao pr\u00f3prio \u00f3rg\u00e3o. Quando n\u00e3o for poss\u00edvel adquirir o botton, a identifica\u00e7\u00e3o dever\u00e1 seguir as normas do Programa Nacional de Controle e Erradica\u00e7\u00e3o da Brucelose e Tuberculose.&#13;\n<\/p>\n<p style=\"text-align:justify\">O \u00f3rg\u00e3o tamb\u00e9m esclarece que o uso do botton \u00e9 v\u00e1lido apenas dentro do Estado de S\u00e3o Paulo e que n\u00e3o \u00e9 permitido o tr\u00e2nsito interestadual de animais identificados por esse modelo alternativo.<\/p>\n","protected":false},"excerpt":{"rendered":"A Defesa Agropecu\u00e1ria da Secretaria de Agricultura e Abastecimento do Estado de S\u00e3o Paulo informou que a campanha&hellip;\n","protected":false},"author":2,"featured_media":208466,"comment_status":"","ping_status":"","sticky":false,"template":"","format":"standard","meta":{"footnotes":""},"categories":[86],"tags":[15976,15979,15982,15980,223,5546,15977,15978,870,116,13,32,15981,1429,33,117,3203],"class_list":{"0":"post-208465","1":"post","2":"type-post","3":"status-publish","4":"format-standard","5":"has-post-thumbnail","7":"category-saude","8":"tag-agrolink","9":"tag-agrotoxicos","10":"tag-artigos-tecnicos","11":"tag-classificados","12":"tag-colunistas","13":"tag-compra","14":"tag-cotacoes","15":"tag-defensivos","16":"tag-eventos","17":"tag-health","18":"tag-noticias","19":"tag-portugal","20":"tag-precos-agricolas","21":"tag-previsao-do-tempo","22":"tag-pt","23":"tag-saude","24":"tag-venda"},"share_on_mastodon":{"url":"https:\/\/pubeurope.com\/@pt\/115810464048366840","error":""},"_links":{"self":[{"href":"https:\/\/www.europesays.com\/pt\/wp-json\/wp\/v2\/posts\/208465","targetHints":{"allow":["GET"]}}],"collection":[{"href":"https:\/\/www.europesays.com\/pt\/wp-json\/wp\/v2\/posts"}],"about":[{"href":"https:\/\/www.europesays.com\/pt\/wp-json\/wp\/v2\/types\/post"}],"author":[{"embeddable":true,"href":"https:\/\/www.europesays.com\/pt\/wp-json\/wp\/v2\/users\/2"}],"replies":[{"embeddable":true,"href":"https:\/\/www.europesays.com\/pt\/wp-json\/wp\/v2\/comments?post=208465"}],"version-history":[{"count":0,"href":"https:\/\/www.europesays.com\/pt\/wp-json\/wp\/v2\/posts\/208465\/revisions"}],"wp:featuredmedia":[{"embeddable":true,"href":"https:\/\/www.europesays.com\/pt\/wp-json\/wp\/v2\/media\/208466"}],"wp:attachment":[{"href":"https:\/\/www.europesays.com\/pt\/wp-json\/wp\/v2\/media?parent=208465"}],"wp:term":[{"taxonomy":"category","embeddable":true,"href":"https:\/\/www.europesays.com\/pt\/wp-json\/wp\/v2\/categories?post=208465"},{"taxonomy":"post_tag","embeddable":true,"href":"https:\/\/www.europesays.com\/pt\/wp-json\/wp\/v2\/tags?post=208465"}],"curies":[{"name":"wp","href":"https:\/\/api.w.org\/{rel}","templated":true}]}}