{"id":208479,"date":"2025-12-30T20:59:11","date_gmt":"2025-12-30T20:59:11","guid":{"rendered":"https:\/\/www.europesays.com\/pt\/208479\/"},"modified":"2025-12-30T20:59:11","modified_gmt":"2025-12-30T20:59:11","slug":"faca-a-america-doente-de-novo-30-12-2025-helio-schwartsman","status":"publish","type":"post","link":"https:\/\/www.europesays.com\/pt\/208479\/","title":{"rendered":"Fa\u00e7a a Am\u00e9rica doente de novo &#8211; 30\/12\/2025 &#8211; H\u00e9lio Schwartsman"},"content":{"rendered":"<p>A t\u00e1tica de Robert Kennedy Jr., o secret\u00e1rio de Sa\u00fade de Trump, para <a href=\"https:\/\/www1.folha.uol.com.br\/equilibrioesaude\/2025\/12\/comite-de-vacinas-pode-fazer-mudancas-significativas-no-calendario-infantil-nos-eua.shtml\" rel=\"nofollow noopener\" target=\"\">reduzir a lista de vacinas recomendadas<\/a> pelo governo federal at\u00e9 que tem seu apelo. Ele diz que est\u00e1 apenas usando de bom senso e espelhando as recomenda\u00e7\u00f5es da Dinamarca \u2014uma na\u00e7\u00e3o rica da Europa que apresenta indicadores de sa\u00fade bem melhores que os dos EUA.<\/p>\n<p>Um incauto at\u00e9 poderia se sentir tentado a abra\u00e7ar o argumento. N\u00e3o s\u00f3 a Dinamarca, mas v\u00e1rios pa\u00edses europeus t\u00eam listas de <a href=\"https:\/\/www1.folha.uol.com.br\/equilibrioesaude\/2025\/03\/coberturas-de-vacinas-infantis-em-2024-supera-niveis-pre-pandemicos-em-sp-diz-estado.shtml\" rel=\"nofollow noopener\" target=\"\">vacinas da inf\u00e2ncia<\/a> bem mais curtas que a dos EUA. \u00c9 que no velho continente existem bons sistemas de sa\u00fade p\u00fablica e as doen\u00e7as infecciosas est\u00e3o mais contidas do que no novo mundo. Ali, sai mais barato diagnosticar e tratar precocemente os poucos casos que surgir\u00e3o do que vacinar todas as crian\u00e7as contra mol\u00e9stias que elas nunca pegar\u00e3o.<\/p>\n<p>E as autoridades sanit\u00e1rias europeias n\u00e3o padecem de antivacinismo ideol\u00f3gico. Se a situa\u00e7\u00e3o epidemiol\u00f3gica mudar, as vacinas ser\u00e3o rapidamente inclu\u00eddas no calend\u00e1rio de imuniza\u00e7\u00f5es.<\/p>\n<p>\u00c0s vezes eu sinto inveja de tempos de epistemologia mais simples, nos quais, exagerando s\u00f3 um pouco, bastava ver para crer, como epitomizou s\u00e3o Tom\u00e9. Mesmo Galileu Galilei, na vers\u00e3o algo fantasiosa de Brecht, n\u00e3o pedia aos inquisidores mais do que olhar no telesc\u00f3pio e <a href=\"https:\/\/www1.folha.uol.com.br\/ciencia\/2025\/03\/saturno-agora-tem-274-luas-mas-o-que-exatamente-faz-de-algo-uma-lua.shtml\" rel=\"nofollow noopener\" target=\"\">visualizar as luas de J\u00fapiter<\/a>. N\u00e3o olharam.<\/p>\n<p>A ci\u00eancia hoje se ampara fortemente na estat\u00edstica e n\u00e3o raro recorre a entidades meio abstratas como os contrafactuais. Isso n\u00e3o a torna pior, mas, como nem todo mundo consegue acompanhar os c\u00e1lculos, abre-se um flanco para teorias da conspira\u00e7\u00e3o e ideologias predat\u00f3rias.<\/p>\n<p>E o que as estat\u00edsticas dizem sobre vacinas? Um amplo estudo publicado por The Lancet em 2024 mostrou que os esfor\u00e7os globais de imuniza\u00e7\u00e3o <a href=\"https:\/\/www1.folha.uol.com.br\/equilibrioesaude\/2025\/08\/como-robert-f-kennedy-jr-secretario-de-saude-do-governo-trump-prejudica-a-vacinacao-no-mundo.shtml\" rel=\"nofollow noopener\" target=\"\">salvaram, nos 50 anos anteriores ao trabalho, 154 milh\u00f5es de vidas<\/a>, o que representa uma vida poupada a cada seis minutos ao longo de meio s\u00e9culo.<\/p>\n<p>\u00c9 dif\u00edcil at\u00e9 imaginar tecnologia mais exitosa. \u00c9 ela que Kennedy e sua turma est\u00e3o, por falta de vis\u00e3o, empenhados em destruir.<\/p>\n<p class=\"c-context__content\">&#13;<br \/>\n    <strong>LINK PRESENTE:<\/strong> Gostou deste texto? Assinante pode liberar sete acessos gratuitos de qualquer link por dia. Basta clicar no F azul abaixo.&#13;\n  <\/p>\n","protected":false},"excerpt":{"rendered":"A t\u00e1tica de Robert Kennedy Jr., o secret\u00e1rio de Sa\u00fade de Trump, para reduzir a lista de vacinas&hellip;\n","protected":false},"author":2,"featured_media":176570,"comment_status":"","ping_status":"","sticky":false,"template":"","format":"standard","meta":{"footnotes":""},"categories":[86],"tags":[109,41023,236,116,32,33,117],"class_list":{"0":"post-208479","1":"post","2":"type-post","3":"status-publish","4":"format-standard","5":"has-post-thumbnail","7":"category-saude","8":"tag-ciencia","9":"tag-ciencia-e-saude","10":"tag-folha","11":"tag-health","12":"tag-portugal","13":"tag-pt","14":"tag-saude"},"share_on_mastodon":{"url":"https:\/\/pubeurope.com\/@pt\/115810530991289641","error":""},"_links":{"self":[{"href":"https:\/\/www.europesays.com\/pt\/wp-json\/wp\/v2\/posts\/208479","targetHints":{"allow":["GET"]}}],"collection":[{"href":"https:\/\/www.europesays.com\/pt\/wp-json\/wp\/v2\/posts"}],"about":[{"href":"https:\/\/www.europesays.com\/pt\/wp-json\/wp\/v2\/types\/post"}],"author":[{"embeddable":true,"href":"https:\/\/www.europesays.com\/pt\/wp-json\/wp\/v2\/users\/2"}],"replies":[{"embeddable":true,"href":"https:\/\/www.europesays.com\/pt\/wp-json\/wp\/v2\/comments?post=208479"}],"version-history":[{"count":0,"href":"https:\/\/www.europesays.com\/pt\/wp-json\/wp\/v2\/posts\/208479\/revisions"}],"wp:featuredmedia":[{"embeddable":true,"href":"https:\/\/www.europesays.com\/pt\/wp-json\/wp\/v2\/media\/176570"}],"wp:attachment":[{"href":"https:\/\/www.europesays.com\/pt\/wp-json\/wp\/v2\/media?parent=208479"}],"wp:term":[{"taxonomy":"category","embeddable":true,"href":"https:\/\/www.europesays.com\/pt\/wp-json\/wp\/v2\/categories?post=208479"},{"taxonomy":"post_tag","embeddable":true,"href":"https:\/\/www.europesays.com\/pt\/wp-json\/wp\/v2\/tags?post=208479"}],"curies":[{"name":"wp","href":"https:\/\/api.w.org\/{rel}","templated":true}]}}