{"id":208492,"date":"2025-12-30T21:09:08","date_gmt":"2025-12-30T21:09:08","guid":{"rendered":"https:\/\/www.europesays.com\/pt\/208492\/"},"modified":"2025-12-30T21:09:08","modified_gmt":"2025-12-30T21:09:08","slug":"claudio-ramos-questiona-cristina-ferreira-sobre-o-namoro-com-joao-monteiro-e-a-resposta-e-inesperada-secret-story","status":"publish","type":"post","link":"https:\/\/www.europesays.com\/pt\/208492\/","title":{"rendered":"Cl\u00e1udio Ramos questiona Cristina Ferreira sobre o namoro com Jo\u00e3o Monteiro: e a resposta \u00e9 inesperada &#8211; Secret Story"},"content":{"rendered":"<p lang=\"EN-US\" paraeid=\"{452c6852-5016-45f5-b016-91b50cdce7b1}{80}\" paraid=\"742707087\" xml:lang=\"EN-US\">Esta manh\u00e3, <strong>Cristina Ferreira<\/strong>, ao referir-se ao signo Capric\u00f3rnio, disse o seguinte: \u00abEu tenho muitos Capric\u00f3rnios na minha vida, o\u00a0Goucha, o Pedro Teixeira, o meu Jo\u00e3o\u2026 Sou muito dada aos Capric\u00f3rnios\u00bb. <strong>Cl\u00e1udio Ramos<\/strong> n\u00e3o hesitou em questionar a colega sobre a <a href=\"https:\/\/tvi.iol.pt\/secretstory\/joao-monteiro\/cristina-ferreira\/em-dia-de-aniversario-cristina-ferreira-surpreende-joao-monteiro-e-derrete-a-internet\" rel=\"nofollow noopener\" target=\"_blank\">data de anivers\u00e1rio de namoro, com Jo\u00e3o Monteiro<\/a>, e h\u00e1 quantos anos estavam juntos: \u00abOlha l\u00e1,\u00a0tu\u00a0foi\u00a0um ano de namoro que fizeste ou dois? \u00bb, questionou.\u00a0\u00a0<\/p>\n<p paraeid=\"{452c6852-5016-45f5-b016-91b50cdce7b1}{49}\" paraid=\"1935828\" xml:lang=\"EN-US\">Sem papas na l\u00edngua, a apresentadora respondeu de imediato: \u00abN\u00e3o tens nada a ver com isso! Se calhar foram 10 e ningu\u00e9m sabia\u00bb, respondeu em tom de riso.\u00a0\u00a0<\/p>\n<p paraeid=\"{452c6852-5016-45f5-b016-91b50cdce7b1}{51}\" paraid=\"1961935990\" xml:lang=\"EN-US\">O mais surpreendente foi o comentador<strong> Adriano Silva Martins<\/strong>, que tinha a resposta na ponta da l\u00edngua: \u00abDois, foram dois! Eu levo as continhas todas\u00bb, respondeu com certeza.\u00a0<\/p>\n<p paraeid=\"{1409f2b8-4000-4ada-ad8f-9b775e00507d}{110}\" paraid=\"148934958\" xml:lang=\"EN-US\">Esta\u00a0conversa aconteceu no Dois \u00e0s Dez,\u00a0quando os apresentadores estavam a falar sobre signos, com os\u00a0comentadores\u00a0da\u00a0rubrica \u2018Conversas de Caf\u00e9\u2019:\u00a0Cinha\u00a0Jardim, Gon\u00e7alo Quinaz e Adriano Silva Martins.\u00a0<\/p>\n","protected":false},"excerpt":{"rendered":"Esta manh\u00e3, Cristina Ferreira, ao referir-se ao signo Capric\u00f3rnio, disse o seguinte: \u00abEu tenho muitos Capric\u00f3rnios na minha&hellip;\n","protected":false},"author":2,"featured_media":208493,"comment_status":"","ping_status":"","sticky":false,"template":"","format":"standard","meta":{"footnotes":""},"categories":[142],"tags":[8559,18706,329,166,114,115,18705,32,33,151,18704],"class_list":{"0":"post-208492","1":"post","2":"type-post","3":"status-publish","4":"format-standard","5":"has-post-thumbnail","7":"category-tv","8":"tag-adriano-silva-martins","9":"tag-bastidores-secret-story","10":"tag-claudio-ramos","11":"tag-cristina-ferreira","12":"tag-entertainment","13":"tag-entretenimento","14":"tag-entrevistas-concorrentes-tvi","15":"tag-portugal","16":"tag-pt","17":"tag-tv","18":"tag-vida-fora-da-casa"},"share_on_mastodon":{"url":"https:\/\/pubeurope.com\/@pt\/115810570271423072","error":""},"_links":{"self":[{"href":"https:\/\/www.europesays.com\/pt\/wp-json\/wp\/v2\/posts\/208492","targetHints":{"allow":["GET"]}}],"collection":[{"href":"https:\/\/www.europesays.com\/pt\/wp-json\/wp\/v2\/posts"}],"about":[{"href":"https:\/\/www.europesays.com\/pt\/wp-json\/wp\/v2\/types\/post"}],"author":[{"embeddable":true,"href":"https:\/\/www.europesays.com\/pt\/wp-json\/wp\/v2\/users\/2"}],"replies":[{"embeddable":true,"href":"https:\/\/www.europesays.com\/pt\/wp-json\/wp\/v2\/comments?post=208492"}],"version-history":[{"count":0,"href":"https:\/\/www.europesays.com\/pt\/wp-json\/wp\/v2\/posts\/208492\/revisions"}],"wp:featuredmedia":[{"embeddable":true,"href":"https:\/\/www.europesays.com\/pt\/wp-json\/wp\/v2\/media\/208493"}],"wp:attachment":[{"href":"https:\/\/www.europesays.com\/pt\/wp-json\/wp\/v2\/media?parent=208492"}],"wp:term":[{"taxonomy":"category","embeddable":true,"href":"https:\/\/www.europesays.com\/pt\/wp-json\/wp\/v2\/categories?post=208492"},{"taxonomy":"post_tag","embeddable":true,"href":"https:\/\/www.europesays.com\/pt\/wp-json\/wp\/v2\/tags?post=208492"}],"curies":[{"name":"wp","href":"https:\/\/api.w.org\/{rel}","templated":true}]}}