{"id":208506,"date":"2025-12-30T21:23:09","date_gmt":"2025-12-30T21:23:09","guid":{"rendered":"https:\/\/www.europesays.com\/pt\/208506\/"},"modified":"2025-12-30T21:23:09","modified_gmt":"2025-12-30T21:23:09","slug":"guerra-aberta-no-casal-a-opiniao-de-bruno-savate-que-mete-pedro-e-marisa-em-lados-opostos-secret-story","status":"publish","type":"post","link":"https:\/\/www.europesays.com\/pt\/208506\/","title":{"rendered":"Guerra aberta no casal: A opini\u00e3o de Bruno Savate que mete Pedro e Marisa em lados opostos &#8211; Secret Story"},"content":{"rendered":"<p lang=\"EN-US\" paraeid=\"{f5411ea3-d5ee-40c4-9de3-5e1050804ada}{230}\" paraid=\"1419727682\" xml:lang=\"EN-US\">O rei dos reality shows\u00a0publicou um\u00a0storie\u00a0no Instagram onde demonstrou um profundo desagrado pelo que aconteceu na gala do passado domingo, entre\u00a0<strong>Marisa<\/strong> e <strong>Pedro<\/strong>:\u00a0\u00abAt\u00e9 \u00e0 \u00faltima, o Pedro continua a ser atacado.\u00bb, come\u00e7ou. N\u00e3o satisfeito, acabou ainda por <a href=\"https:\/\/tvi.iol.pt\/secretstory\/bruno-savate\/22-12-2025\/implacavel-e-sem-papas-na-lingua-bruno-savate-arrasa-a-postura-dos-concorrentes-um-verdadeiro-golpe-baixo-digno-de-aplausos\" rel=\"nofollow noopener\" target=\"_blank\">dirigir duras cr\u00edticas a\u00a0Marisa<\/a>:\u00a0\u00abE o mais triste\u00a0\u00e9 ver que at\u00e9 a pr\u00f3pria companheira tenta manchar a imagem de um rapaz integro e verdadeiro.\u00bb\u00a0frisou.\u00a0<\/p>\n<p paraeid=\"{cd24e720-d81e-486c-aa05-385e9d3a4017}{196}\" paraid=\"251937566\" xml:lang=\"EN-US\">No final da partilha, rematou com o apelo ao concorrente que considera ser merecedor do 1\u00ba lugar, o Pedro. \u00abChega de injusti\u00e7as.\u00a0Chega de jogos sujos.\u00a0Est\u00e1 na hora de fazermos justi\u00e7a\u00a0e dar a vit\u00f3ria a quem realmente merece. Grande Pedro \ud83d\udcaa\u00bb\u00a0.\u00a0\u00a0<\/p>\n<p paraeid=\"{15f6b370-de18-4b44-9ccf-0a885700c67a}{76}\" paraid=\"170996177\" xml:lang=\"EN-US\"><strong>Savate<\/strong>\u00a0colocou ainda o n\u00famero de telefone relativo ao Pedro e a cereja no topo do bolo foi: \u00abVamos colocar o Pedro no lugar que sempre foi dele \ud83e\udd47 1\u00ba lugar do p\u00f3dio\u00bb, frisa.\u00a0\u00a0<\/p>\n<p paraeid=\"{15f6b370-de18-4b44-9ccf-0a885700c67a}{76}\" paraid=\"170996177\" xml:lang=\"EN-US\">Veja a imagem.<\/p>\n<p paraeid=\"{15f6b370-de18-4b44-9ccf-0a885700c67a}{76}\" paraid=\"170996177\" xml:lang=\"EN-US\"><img loading=\"lazy\" decoding=\"async\" alt=\"\" height=\"360\" src=\"https:\/\/www.europesays.com\/pt\/wp-content\/uploads\/2025\/12\/6954107ed34e3caad84cf1c1.webp\" width=\"203\"\/><\/p>\n","protected":false},"excerpt":{"rendered":"O rei dos reality shows\u00a0publicou um\u00a0storie\u00a0no Instagram onde demonstrou um profundo desagrado pelo que aconteceu na gala do&hellip;\n","protected":false},"author":2,"featured_media":208507,"comment_status":"","ping_status":"","sticky":false,"template":"","format":"standard","meta":{"footnotes":""},"categories":[142],"tags":[18706,1253,114,115,18705,19184,14646,32,33,151,18704],"class_list":{"0":"post-208506","1":"post","2":"type-post","3":"status-publish","4":"format-standard","5":"has-post-thumbnail","7":"category-tv","8":"tag-bastidores-secret-story","9":"tag-bruno-savate","10":"tag-entertainment","11":"tag-entretenimento","12":"tag-entrevistas-concorrentes-tvi","13":"tag-marisa","14":"tag-pedro","15":"tag-portugal","16":"tag-pt","17":"tag-tv","18":"tag-vida-fora-da-casa"},"share_on_mastodon":{"url":"https:\/\/pubeurope.com\/@pt\/115810625337768970","error":""},"_links":{"self":[{"href":"https:\/\/www.europesays.com\/pt\/wp-json\/wp\/v2\/posts\/208506","targetHints":{"allow":["GET"]}}],"collection":[{"href":"https:\/\/www.europesays.com\/pt\/wp-json\/wp\/v2\/posts"}],"about":[{"href":"https:\/\/www.europesays.com\/pt\/wp-json\/wp\/v2\/types\/post"}],"author":[{"embeddable":true,"href":"https:\/\/www.europesays.com\/pt\/wp-json\/wp\/v2\/users\/2"}],"replies":[{"embeddable":true,"href":"https:\/\/www.europesays.com\/pt\/wp-json\/wp\/v2\/comments?post=208506"}],"version-history":[{"count":0,"href":"https:\/\/www.europesays.com\/pt\/wp-json\/wp\/v2\/posts\/208506\/revisions"}],"wp:featuredmedia":[{"embeddable":true,"href":"https:\/\/www.europesays.com\/pt\/wp-json\/wp\/v2\/media\/208507"}],"wp:attachment":[{"href":"https:\/\/www.europesays.com\/pt\/wp-json\/wp\/v2\/media?parent=208506"}],"wp:term":[{"taxonomy":"category","embeddable":true,"href":"https:\/\/www.europesays.com\/pt\/wp-json\/wp\/v2\/categories?post=208506"},{"taxonomy":"post_tag","embeddable":true,"href":"https:\/\/www.europesays.com\/pt\/wp-json\/wp\/v2\/tags?post=208506"}],"curies":[{"name":"wp","href":"https:\/\/api.w.org\/{rel}","templated":true}]}}