{"id":208514,"date":"2025-12-30T21:29:09","date_gmt":"2025-12-30T21:29:09","guid":{"rendered":"https:\/\/www.europesays.com\/pt\/208514\/"},"modified":"2025-12-30T21:29:09","modified_gmt":"2025-12-30T21:29:09","slug":"proximo-telemovel-de-topo-da-oneplus-dara-grande-salto-na-camara-diz-dcs","status":"publish","type":"post","link":"https:\/\/www.europesays.com\/pt\/208514\/","title":{"rendered":"Pr\u00f3ximo telem\u00f3vel de topo da OnePlus dar\u00e1 grande &#8220;salto&#8221; na c\u00e2mara: diz DCS"},"content":{"rendered":"<p class=\"leading\">\n                Um relat\u00f3rio recente sugere que o OnePlus 16 vai contar com uma c\u00e2mara de 200 MP.            <\/p>\n<p>        <img decoding=\"async\" alt=\"OnePlus 15\" height=\"900\" src=\"https:\/\/www.europesays.com\/pt\/wp-content\/uploads\/2025\/12\/design-sem-nome-2025-12-30t165327-949.jpg\" width=\"1600\" fetchpriority=\"high\"\/><br \/>\n(via OnePlus)<\/p>\n<p><a href=\"https:\/\/whatsapp.com\/channel\/0029Va54F7B7j6gBNXobAM16\" rel=\"nofollow noopener\" class=\"banner-deals mb20 banner-deals-rotation banner-deals-rotation--whatsapp\" target=\"_blank\"><\/p>\n<p>        Entra no nosso canal Whatsapp<br \/>e recebe as melhores ofertas<\/p>\n<p>        ENTRAR\n    <\/p>\n<p><\/a><\/p>\n<p>Foi h\u00e1 bem pouco tempo que assistimos ao lan\u00e7amento do OnePlus 15, mas j\u00e1 v\u00e3o circulando rumores importantes acerca do <a href=\"https:\/\/4gnews.pt\/proximo-topo-de-gama-da-oneplus-trara-algo-inedito-mas-os-fas-nao-estao-contentes\/\" rel=\"nofollow noopener\" target=\"_blank\">OnePlus 16<\/a>. Um dos mais recentes \u00e9 da autoria de Digital Chat Station (DCS).<\/p>\n<p>Note-se que este \u00e9 um dos \u201cleakers\u201d mais populares no setor tecnol\u00f3gico e que, geralmente, \u00e9 certeiro nas previs\u00f5es que faz. Segundo DCS, o OnePlus 16 vai contar com um sensor de c\u00e2mara de 200 MP  (via <a href=\"https:\/\/www.gsmarena.com\/oneplus_16_tipped_to_bring_major_camera_update_-news-70892.php\" rel=\"nofollow noopener\" target=\"_blank\">GSM Arena<\/a>).<\/p>\n<p>Fica por esclarecer qual a c\u00e2mara em quest\u00e3o. No entanto, se forem seguidas as pisadas do <a href=\"https:\/\/4gnews.pt\/oppo-find-n6-sera-o-primeiro-dobravel-do-mundo-com-esta-especificacao-poderosa\/\" rel=\"nofollow noopener\" target=\"_blank\">Oppo Find N6<\/a>, ent\u00e3o seria a c\u00e2mara telefoto que teria os tais 200 MP. Seria um salto qualitativo tremendo face \u00e0 lente telefoto da gera\u00e7\u00e3o atual, que n\u00e3o passa dos 50 MP.<\/p>\n<p>Enquanto o OnePlus 16 n\u00e3o \u00e9 lan\u00e7ado\u2026<\/p>\n<p>Como dito antes, o lan\u00e7amento do OnePlus 15 \u00e9 muito recente. A gera\u00e7\u00e3o seguinte s\u00f3 deve chegar ao mercado em outubro de 2026, pelo que ainda ouviremos, certamente, muitos rumores sobre este smartphone da OnePlus.<\/p>\n<p>At\u00e9 l\u00e1, \u00e9 sempre poss\u00edvel adquirir o OnePlus 15, que tamb\u00e9m \u00e9 um modelo a ter em conta, no setor dos topo de gama. Tem um ecr\u00e3 m\u00e9dio\/grande, que se fica pelas 6,78 polegadas, com uns fant\u00e1sticos 165 Hz de taxa de atualiza\u00e7\u00e3o. Ou seja, fluidez visual ao n\u00edvel do melhor que h\u00e1.<\/p>\n<p>No processador, conta com o atual l\u00edder do mercado em Android: o Qualcomm Snapdragon 8 Elite Gen 5. \u00c9 muito eficiente em todo o tipo de tarefas, desde streaming, a v\u00eddeos, a aplica\u00e7\u00f5es pesadas e muito mais.<\/p>\n<p>No setor da c\u00e2mara, apresenta tr\u00eas sensores traseiros de 50 MP, faz v\u00eddeos a 8K e ainda tem uma lente frontal de 32 MP. Resta mencionar a sua bateria de 7.300 W, que proporciona uma grande autonomia, com carregamento at\u00e9 120 W.<\/p>\n<p><a href=\"https:\/\/amzn.to\/491PeDj\" target=\"_blank\" rel=\"nofollow noreferrer noopener\"><img decoding=\"async\" alt=\"OnePlus 15 12\/256 GB\" height=\"488\" width=\"650\" class=\"lazyload\" src=\"https:\/\/www.europesays.com\/pt\/wp-content\/uploads\/2025\/12\/oneplus-15-12-256-gb-41ssozmr3nl-sl500.jpg\" loading=\"lazy\"\/><\/a><\/p>\n<p><a class=\"affiliate-title\" href=\"https:\/\/amzn.to\/491PeDj\" target=\"_blank\" rel=\"nofollow noreferrer noopener\">OnePlus 15 12\/256 GB<\/a>ecr\u00e3 de 6,78&#8243; a 165Hz, Snapdragon 8 Elite Gen 5, bateria 7300mAh, c\u00e2mara tripla 50 MP<\/p>\n<p class=\"inline-related-title\">Editores 4gnews recomendam:<\/p>\n","protected":false},"excerpt":{"rendered":"Um relat\u00f3rio recente sugere que o OnePlus 16 vai contar com uma c\u00e2mara de 200 MP. (via OnePlus)&hellip;\n","protected":false},"author":2,"featured_media":208515,"comment_status":"","ping_status":"","sticky":false,"template":"","format":"standard","meta":{"footnotes":""},"categories":[84],"tags":[109,107,108,32,33,105,103,104,106,110],"class_list":{"0":"post-208514","1":"post","2":"type-post","3":"status-publish","4":"format-standard","5":"has-post-thumbnail","7":"category-ciencia-e-tecnologia","8":"tag-ciencia","9":"tag-ciencia-e-tecnologia","10":"tag-cienciaetecnologia","11":"tag-portugal","12":"tag-pt","13":"tag-science","14":"tag-science-and-technology","15":"tag-scienceandtechnology","16":"tag-technology","17":"tag-tecnologia"},"share_on_mastodon":{"url":"https:\/\/pubeurope.com\/@pt\/115810648934233505","error":""},"_links":{"self":[{"href":"https:\/\/www.europesays.com\/pt\/wp-json\/wp\/v2\/posts\/208514","targetHints":{"allow":["GET"]}}],"collection":[{"href":"https:\/\/www.europesays.com\/pt\/wp-json\/wp\/v2\/posts"}],"about":[{"href":"https:\/\/www.europesays.com\/pt\/wp-json\/wp\/v2\/types\/post"}],"author":[{"embeddable":true,"href":"https:\/\/www.europesays.com\/pt\/wp-json\/wp\/v2\/users\/2"}],"replies":[{"embeddable":true,"href":"https:\/\/www.europesays.com\/pt\/wp-json\/wp\/v2\/comments?post=208514"}],"version-history":[{"count":0,"href":"https:\/\/www.europesays.com\/pt\/wp-json\/wp\/v2\/posts\/208514\/revisions"}],"wp:featuredmedia":[{"embeddable":true,"href":"https:\/\/www.europesays.com\/pt\/wp-json\/wp\/v2\/media\/208515"}],"wp:attachment":[{"href":"https:\/\/www.europesays.com\/pt\/wp-json\/wp\/v2\/media?parent=208514"}],"wp:term":[{"taxonomy":"category","embeddable":true,"href":"https:\/\/www.europesays.com\/pt\/wp-json\/wp\/v2\/categories?post=208514"},{"taxonomy":"post_tag","embeddable":true,"href":"https:\/\/www.europesays.com\/pt\/wp-json\/wp\/v2\/tags?post=208514"}],"curies":[{"name":"wp","href":"https:\/\/api.w.org\/{rel}","templated":true}]}}