{"id":208521,"date":"2025-12-30T21:37:07","date_gmt":"2025-12-30T21:37:07","guid":{"rendered":"https:\/\/www.europesays.com\/pt\/208521\/"},"modified":"2025-12-30T21:37:07","modified_gmt":"2025-12-30T21:37:07","slug":"leandro-responde-a-insultos-de-dylan-e-bruno-e-recusa-conversa","status":"publish","type":"post","link":"https:\/\/www.europesays.com\/pt\/208521\/","title":{"rendered":"Leandro responde a insultos de Dylan e Bruno e recusa conversa"},"content":{"rendered":"<p>\t\t\t\t\t\t\t\t\t\t\t\t\t\tLeandro esteve presente no programa \u201c\u00daltima Hora\u201d para fazer o rescaldo da sua participa\u00e7\u00e3o no Secret Story 9 e foi confrontado com uma compila\u00e7\u00e3o de coment\u00e1rios menos pr\u00f3prios tecidos pelos colegas nas suas costas.<\/p>\n<p data-path-to-node=\"4\">Sem papas na l\u00edngua, o ex-concorrente reagiu ao que viu e ouviu: <strong>\u201cEu j\u00e1 tinha visto algumas palavras menos agrad\u00e1veis por parte quer do Dylan, quer do Bruno, mas quando ou\u00e7o estas palavras, que caraterizei muito bem, s\u00e3o palavras desprez\u00edveis\u201d<\/strong>.<\/p>\n<p data-path-to-node=\"5\">Para Leandro, a estrat\u00e9gia passa agora pela total indiferen\u00e7a. <strong>\u201cPor isso mesmo eu entreguei-lhes o que eles me estavam a entregar. A gente d\u00e1 \u00e9 desprezo a essa gente\u201d<\/strong>, afirmou, garantindo que n\u00e3o se deixa abalar: <strong>\u201cN\u00e3o podem ter o poder de me afetar. Quando eu dou o poder de me afetar a pessoas que usam este tipo de vocabul\u00e1rio\u2026 pelo amor de Deus\u201d<\/strong>.<\/p>\n<p data-path-to-node=\"6\">O ex-concorrente sublinhou que manteve a sua postura durante o jogo, recusando entrar em \u201cbaixarias\u201d. <strong>\u201cSempre disse que n\u00e3o descia do meu n\u00edvel perante estas pessoas que utilizam estes voc\u00e1bulos rascas. Foi o que demonstraram naquele programa\u201d,<\/strong> disparou.<\/p>\n<p data-path-to-node=\"7\">Questionado sobre a possibilidade de resolver as desaven\u00e7as com uma conversa, Leandro foi taxativo na recusa: <strong>\u201cEu? Eu gosto de pessoas educadas, civilizadas, que saibam debater. N\u00e3o de pessoas que utilizam um n\u00edvel baixo demais para mim\u201d<\/strong>.<\/p>\n<p><a href=\"https:\/\/tvi.iol.pt\/secretstory\/videos\/leandro-reage-a-comentarios-ofensivos-dos-colegas-nao-desco-o-nivel-perante-pessoas-que-usam-estes-vocabulos\/695410be0cf2c7eb24452c56\" rel=\"nofollow noopener\" target=\"_blank\">Veja aqui o v\u00eddeo.<\/a><\/p>\n","protected":false},"excerpt":{"rendered":"Leandro esteve presente no programa \u201c\u00daltima Hora\u201d para fazer o rescaldo da sua participa\u00e7\u00e3o no Secret Story 9&hellip;\n","protected":false},"author":2,"featured_media":208522,"comment_status":"","ping_status":"","sticky":false,"template":"","format":"standard","meta":{"footnotes":""},"categories":[142],"tags":[3768,19105,114,115,8469,12397,17520,32,33,1315,151],"class_list":{"0":"post-208521","1":"post","2":"type-post","3":"status-publish","4":"format-standard","5":"has-post-thumbnail","7":"category-tv","8":"tag-bruno","9":"tag-dylan","10":"tag-entertainment","11":"tag-entretenimento","12":"tag-insultos","13":"tag-leandro","14":"tag-polu00e9mica","15":"tag-portugal","16":"tag-pt","17":"tag-secret-story","18":"tag-tv"},"share_on_mastodon":{"url":"https:\/\/pubeurope.com\/@pt\/115810680345398077","error":""},"_links":{"self":[{"href":"https:\/\/www.europesays.com\/pt\/wp-json\/wp\/v2\/posts\/208521","targetHints":{"allow":["GET"]}}],"collection":[{"href":"https:\/\/www.europesays.com\/pt\/wp-json\/wp\/v2\/posts"}],"about":[{"href":"https:\/\/www.europesays.com\/pt\/wp-json\/wp\/v2\/types\/post"}],"author":[{"embeddable":true,"href":"https:\/\/www.europesays.com\/pt\/wp-json\/wp\/v2\/users\/2"}],"replies":[{"embeddable":true,"href":"https:\/\/www.europesays.com\/pt\/wp-json\/wp\/v2\/comments?post=208521"}],"version-history":[{"count":0,"href":"https:\/\/www.europesays.com\/pt\/wp-json\/wp\/v2\/posts\/208521\/revisions"}],"wp:featuredmedia":[{"embeddable":true,"href":"https:\/\/www.europesays.com\/pt\/wp-json\/wp\/v2\/media\/208522"}],"wp:attachment":[{"href":"https:\/\/www.europesays.com\/pt\/wp-json\/wp\/v2\/media?parent=208521"}],"wp:term":[{"taxonomy":"category","embeddable":true,"href":"https:\/\/www.europesays.com\/pt\/wp-json\/wp\/v2\/categories?post=208521"},{"taxonomy":"post_tag","embeddable":true,"href":"https:\/\/www.europesays.com\/pt\/wp-json\/wp\/v2\/tags?post=208521"}],"curies":[{"name":"wp","href":"https:\/\/api.w.org\/{rel}","templated":true}]}}