{"id":208534,"date":"2025-12-30T21:51:09","date_gmt":"2025-12-30T21:51:09","guid":{"rendered":"https:\/\/www.europesays.com\/pt\/208534\/"},"modified":"2025-12-30T21:51:09","modified_gmt":"2025-12-30T21:51:09","slug":"marcia-soares-e-francisco-monteiro-reencontram-se-em-direto-e-o-inesperado-acontece","status":"publish","type":"post","link":"https:\/\/www.europesays.com\/pt\/208534\/","title":{"rendered":"Marcia Soares e Francisco Monteiro reencontram-se em direto&#8230; e o inesperado acontece!"},"content":{"rendered":"<p>Marcia Soares e Francisco Monteiro foram convocados para as emiss\u00f5es desta ter\u00e7a-feira, dia 30, dos programas &#8220;\u00daltima Hora&#8221; e &#8220;Di\u00e1rio&#8221;, dedicados \u00e0 nona edi\u00e7\u00e3o de &#8220;<a href=\"https:\/\/tvi.iol.pt\/secretstory\/\" target=\"_blank\" rel=\"nofollow noopener\">Secret Story<\/a> &#8211; Casa dos Segredos&#8221;, proporcionado-se, assim, um reencontro entre os dois comentadores, ao fim de v\u00e1rios meses sem partilharem um est\u00fadio.<\/p>\n<p>&#8220;Marcia e Monteiro, h\u00e1 muito que n\u00e3o via os dois sentados lado a lado. Como est\u00e3o?&#8221;, notou Marta Cardoso, levando <a href=\"https:\/\/selfie.iol.pt\/famosos\/marcia-soares\/afinal-quem-envia-flores-a-marcia-soares-desfazemos-o-misterio\/20251215\/6940731bd34e2bd5c6d522c4\" target=\"_blank\" rel=\"nofollow noopener\">Marcia Soares<\/a> a dar uma r\u00e1pida resposta. &#8220;Ele agora&#8230; j\u00e1 pode?!&#8221;, disse, ouvindo-se risos em est\u00fadio. &#8220;Eu prometi a mim mesma que n\u00e3o ia fazer isto. Desculpa&#8221;, retratou-se, soltando uma gargalhada.<\/p>\n<p>Bem-disposto, Francisco Monteiro brincou: &#8220;Pois&#8230; \u00c9 que foste tu, um minuto antes de entrar, que disseste: &#8216;\u00d3 Zaza, por favor&#8230; \u00d3 Zaza, por favor..&#8217;. A primeira coisa que fazes \u00e9 logo pregar-me uma rasteira.&#8221;<\/p>\n<p>&#8220;Eu acho que isso eram saudades&#8230;&#8221;, provocou a apresentadora. <a href=\"https:\/\/selfie.iol.pt\/famosos\/marcia-soares\/marcia-soares-abre-o-coracao-ha-fases-em-que-a-vida-nao-corre-como-queremos\/20251217\/6940856bd34e2bd5c6d52333\" target=\"_blank\" rel=\"nofollow noopener\">Marcia Soares<\/a> contra-atacou: &#8220;Voc\u00eas \u00e9 que estavam com saudades. Mais do que n\u00f3s.&#8221;<\/p>\n<p>Adriano Silva Martins, o terceiro comentador presente em est\u00fadio, resumiu com uma reflex\u00e3o: &#8220;Onde houve brasas, o fogo est\u00e1 sempre pronto para voltar a reacender.&#8221;<\/p>\n<p>Veja, agora, o v\u00eddeo do referido momento nos formatos dedicados ao reality show da <a href=\"https:\/\/tvi.iol.pt\/\" target=\"_blank\" rel=\"nofollow noopener\">TVI<\/a>.<\/p>\n","protected":false},"excerpt":{"rendered":"Marcia Soares e Francisco Monteiro foram convocados para as emiss\u00f5es desta ter\u00e7a-feira, dia 30, dos programas &#8220;\u00daltima Hora&#8221;&hellip;\n","protected":false},"author":2,"featured_media":208535,"comment_status":"","ping_status":"","sticky":false,"template":"","format":"standard","meta":{"footnotes":""},"categories":[142],"tags":[8559,2632,13471,13933,6980,2287,114,115,980,2071,2038,19019,619,32,33,1014,1315,6985,16687,16686,1012,6986,16688,151,162,2512],"class_list":{"0":"post-208534","1":"post","2":"type-post","3":"status-publish","4":"format-standard","5":"has-post-thumbnail","7":"category-tv","8":"tag-adriano-silva-martins","9":"tag-casa-dos-segredos","10":"tag-casa-dos-segredos-9","11":"tag-comentador","12":"tag-comentadora","13":"tag-diario","14":"tag-entertainment","15":"tag-entretenimento","16":"tag-famosos","17":"tag-francisco-monteiro","18":"tag-marcia-soares","19":"tag-marta-cardoso","20":"tag-nacional","21":"tag-portugal","22":"tag-pt","23":"tag-reality-show","24":"tag-secret-story","25":"tag-secret-story-casa-dos-segredos","26":"tag-secret-story-casa-dos-segredos-9","27":"tag-secret-story-9","28":"tag-selfie","29":"tag-ss","30":"tag-ss9","31":"tag-tv","32":"tag-tvi","33":"tag-ultima-hora"},"share_on_mastodon":{"url":"https:\/\/pubeurope.com\/@pt\/115810735401203475","error":""},"_links":{"self":[{"href":"https:\/\/www.europesays.com\/pt\/wp-json\/wp\/v2\/posts\/208534","targetHints":{"allow":["GET"]}}],"collection":[{"href":"https:\/\/www.europesays.com\/pt\/wp-json\/wp\/v2\/posts"}],"about":[{"href":"https:\/\/www.europesays.com\/pt\/wp-json\/wp\/v2\/types\/post"}],"author":[{"embeddable":true,"href":"https:\/\/www.europesays.com\/pt\/wp-json\/wp\/v2\/users\/2"}],"replies":[{"embeddable":true,"href":"https:\/\/www.europesays.com\/pt\/wp-json\/wp\/v2\/comments?post=208534"}],"version-history":[{"count":0,"href":"https:\/\/www.europesays.com\/pt\/wp-json\/wp\/v2\/posts\/208534\/revisions"}],"wp:featuredmedia":[{"embeddable":true,"href":"https:\/\/www.europesays.com\/pt\/wp-json\/wp\/v2\/media\/208535"}],"wp:attachment":[{"href":"https:\/\/www.europesays.com\/pt\/wp-json\/wp\/v2\/media?parent=208534"}],"wp:term":[{"taxonomy":"category","embeddable":true,"href":"https:\/\/www.europesays.com\/pt\/wp-json\/wp\/v2\/categories?post=208534"},{"taxonomy":"post_tag","embeddable":true,"href":"https:\/\/www.europesays.com\/pt\/wp-json\/wp\/v2\/tags?post=208534"}],"curies":[{"name":"wp","href":"https:\/\/api.w.org\/{rel}","templated":true}]}}