{"id":208556,"date":"2025-12-30T22:15:15","date_gmt":"2025-12-30T22:15:15","guid":{"rendered":"https:\/\/www.europesays.com\/pt\/208556\/"},"modified":"2025-12-30T22:15:15","modified_gmt":"2025-12-30T22:15:15","slug":"governo-nao-vai-reconduzir-conselho-de-administracao-da-uls-de-sao-jose","status":"publish","type":"post","link":"https:\/\/www.europesays.com\/pt\/208556\/","title":{"rendered":"Governo n\u00e3o vai reconduzir Conselho de Administra\u00e7\u00e3o da ULS de S\u00e3o Jos\u00e9"},"content":{"rendered":"<p>                A administra\u00e7\u00e3o da Unidade Local de Sa\u00fade de S\u00e3o Jos\u00e9 n\u00e3o vai ser reconduzida pelo Governo. De acordo com o Observador, a ainda presidente desta ULS, Rosa Valente Matos, ter\u00e1 sido informada depois de pedir uma audi\u00eancia com a ministra da Sa\u00fade.<\/p>\n<p>&#13;<br \/>\nRosa Valente de Matos est\u00e1 de sa\u00edda depois de seis anos \u00e0 frente da institui\u00e7\u00e3o e garante que n\u00e3o lhe foi apresentado qualquer motivo para a n\u00e3o recondu\u00e7\u00e3o no cargo.&#13;\n<\/p>\n<p>&#13;<br \/>\n\u201cPedimos uma reuni\u00e3o \u00e0 senhora ministra para nos esclarecer, porque merecemos alguma dignidade e <b>a senhora ministra transmitiu-nos que n\u00e3o era inten\u00e7\u00e3o do Governo que continu\u00e1ssemos<\/b>\u201d, explicou a respons\u00e1vel ao Observador.<br \/>&#13;\n<\/p>\n<p>&#13;<br \/>\nAinda segundo o Observador, <b>o Executivo escolheu o militante do PSD Miguel Paiva<\/b> para liderar a ULS de S\u00e3o Jos\u00e9 a partir de 2026.<br \/>&#13;\n<\/p>\n<p>\nTamb\u00e9m as administra\u00e7\u00f5es da ULS de Coimbra e de Tr\u00e1s os Montes e Alto Douro n\u00e3o foram reconduzidas.<\/p>\n<p>Ao todo, terminam o mandato a 31 de dezembro 12 Conselhos de Administra\u00e7\u00e3o de hospitais p\u00fablicos.&#13;\n            <\/p>\n","protected":false},"excerpt":{"rendered":"A administra\u00e7\u00e3o da Unidade Local de Sa\u00fade de S\u00e3o Jos\u00e9 n\u00e3o vai ser reconduzida pelo Governo. De acordo&hellip;\n","protected":false},"author":2,"featured_media":208557,"comment_status":"","ping_status":"","sticky":false,"template":"","format":"standard","meta":{"footnotes":""},"categories":[10],"tags":[27,28,15,16,14,25,26,21,22,12,13,19,20,32,23,24,33,420,421,17,18,29,30,31],"class_list":{"0":"post-208556","1":"post","2":"type-post","3":"status-publish","4":"format-standard","5":"has-post-thumbnail","7":"category-portugal","8":"tag-breaking-news","9":"tag-breakingnews","10":"tag-featured-news","11":"tag-featurednews","12":"tag-headlines","13":"tag-latest-news","14":"tag-latestnews","15":"tag-main-news","16":"tag-mainnews","17":"tag-news","18":"tag-noticias","19":"tag-noticias-principais","20":"tag-noticiasprincipais","21":"tag-portugal","22":"tag-principais-noticias","23":"tag-principaisnoticias","24":"tag-pt","25":"tag-rtp","26":"tag-rtp-noticias","27":"tag-top-stories","28":"tag-topstories","29":"tag-ultimas","30":"tag-ultimas-noticias","31":"tag-ultimasnoticias"},"share_on_mastodon":{"url":"https:\/\/pubeurope.com\/@pt\/115810829884330084","error":""},"_links":{"self":[{"href":"https:\/\/www.europesays.com\/pt\/wp-json\/wp\/v2\/posts\/208556","targetHints":{"allow":["GET"]}}],"collection":[{"href":"https:\/\/www.europesays.com\/pt\/wp-json\/wp\/v2\/posts"}],"about":[{"href":"https:\/\/www.europesays.com\/pt\/wp-json\/wp\/v2\/types\/post"}],"author":[{"embeddable":true,"href":"https:\/\/www.europesays.com\/pt\/wp-json\/wp\/v2\/users\/2"}],"replies":[{"embeddable":true,"href":"https:\/\/www.europesays.com\/pt\/wp-json\/wp\/v2\/comments?post=208556"}],"version-history":[{"count":0,"href":"https:\/\/www.europesays.com\/pt\/wp-json\/wp\/v2\/posts\/208556\/revisions"}],"wp:featuredmedia":[{"embeddable":true,"href":"https:\/\/www.europesays.com\/pt\/wp-json\/wp\/v2\/media\/208557"}],"wp:attachment":[{"href":"https:\/\/www.europesays.com\/pt\/wp-json\/wp\/v2\/media?parent=208556"}],"wp:term":[{"taxonomy":"category","embeddable":true,"href":"https:\/\/www.europesays.com\/pt\/wp-json\/wp\/v2\/categories?post=208556"},{"taxonomy":"post_tag","embeddable":true,"href":"https:\/\/www.europesays.com\/pt\/wp-json\/wp\/v2\/tags?post=208556"}],"curies":[{"name":"wp","href":"https:\/\/api.w.org\/{rel}","templated":true}]}}