{"id":208568,"date":"2025-12-30T22:29:07","date_gmt":"2025-12-30T22:29:07","guid":{"rendered":"https:\/\/www.europesays.com\/pt\/208568\/"},"modified":"2025-12-30T22:29:07","modified_gmt":"2025-12-30T22:29:07","slug":"a-russia-tentou-iniciar-o-retrocesso-das-negociacoes-de-paz-com-uma-acusacao-de-ataque-a-putin-sem-pes-nem-cabeca","status":"publish","type":"post","link":"https:\/\/www.europesays.com\/pt\/208568\/","title":{"rendered":"A R\u00fassia tentou &#8220;iniciar o retrocesso&#8221; das negocia\u00e7\u00f5es de paz com uma acusa\u00e7\u00e3o de ataque a Putin &#8220;sem p\u00e9s nem cabe\u00e7a&#8221;"},"content":{"rendered":"<p>\t                \u00c9 muito pouco cred\u00edvel que a Ucr\u00e2nia tenha ordenado um ataque contra uma resid\u00eancia onde o presidente russo n\u00e3o se encontrava, segundo os especialistas ouvidos pela CNN Portugal<\/p>\n<p>Continuam por apurar as responsabilidades do <a href=\"https:\/\/cnnportugal.iol.pt\/geral\/uma-coisa-e-ser-ofensivo-outra-coisa-e-atacar-a-casa-dele-trump-muito-zangado-com-alegado-ataque-da-ucrania-a-residencia-de-putin\/20261229\/69530006d34e2bd5c6d5a089\" target=\"_blank\" rel=\"nofollow noopener\">ataque de segunda-feira \u00e0 resid\u00eancia de Vladimir Putin<\/a> em Novgorod, que podem colocar em causa a\u00a0<a href=\"https:\/\/cnnportugal.iol.pt\/guerra-na-ucrania\/russia\/russia-acusa-ucrania-de-atacar-residencia-de-putin-e-promete-mudar-a-posicao-negocial\/20261229\/6952a3d5d34e3caad84ce3f7\" target=\"_blank\" rel=\"nofollow noopener\">posi\u00e7\u00e3o negocial<\/a> de Moscovo, mesmo ap\u00f3s a Ucr\u00e2nia rejeitar a acusa\u00e7\u00e3o, considerando-a uma \u201cinven\u00e7\u00e3o completa\u201d da R\u00fassia.<\/p>\n<p>Perante a incerteza, e mediante o que se sabe, a Ucr\u00e2nia, de facto, pouco ou nada tinha a ganhar com este ataque, dizem os especialistas ouvidos pela CNN Portugal. \u201cEles conhecem muito bem a mentalidade russa e a mentalidade de Putin\u201d, considera o tenente-general Rafael Martins.<\/p>\n<p>\u201cSe houver um processo de retalia\u00e7\u00e3o, vai doer aos ucranianos e vai haver destrui\u00e7\u00e3o, n\u00e3o s\u00f3 na linha da frente, mas em profundidade e eventualmente em locais de grande simbolismo, nomeadamente em Kiev e outras cidades simb\u00f3licas para a Ucr\u00e2nia\u201d, antecipa.<\/p>\n<p>Outro grande risco para Kiev ser\u00e1 a interrup\u00e7\u00e3o das negocia\u00e7\u00f5es para alcan\u00e7ar a paz, que tem tido uma \u201cevolu\u00e7\u00e3o positiva\u201d, na an\u00e1lise do militar. Para Rafael Martins, se a Ucr\u00e2nia tiver ordenado a opera\u00e7\u00e3o, estamos perante uma circunst\u00e2ncia \u201cmuito delicada\u201d, j\u00e1 que pode \u201ccomprometer aquilo que eram as expectativas no processo que se desenvolveu em Mar-a-Lago\u201d, onde Trump se mostrou otimista em rela\u00e7\u00e3o ao fim da guerra j\u00e1 nas pr\u00f3ximas semanas.<\/p>\n<p>\u201cSe a Ucr\u00e2nia lan\u00e7ou esta mesma opera\u00e7\u00e3o, foi pouco prudente, eventualmente precipitada, porque isto compromete significativamente aquilo que seria alguma recetividade por parte da R\u00fassia\u201d, acrescenta o tamb\u00e9m comentador da CNN Portugal.<\/p>\n<p>A ideia de que a Ucr\u00e2nia sairia a perder com um ataque desta natureza \u00e9 corroborada pelo especialista em direito internacional Francisco Pereira Coutinho, que classifica como \u201cabsurda\u201d uma tentativa de atacar diretamente o presidente russo, \u201cespecialmente nesta fase do conflito\u201d. \u201cA Ucr\u00e2nia apresentou-se ao mundo como querendo muito a paz e, ao mesmo tempo que Zelensky est\u00e1 constantemente a pedir uma reuni\u00e3o com Putin para terminar a guerra, atac\u00e1-lo diretamente significaria que essas propostas n\u00e3o s\u00e3o s\u00e9rias, seriam propostas hip\u00f3critas.\u201d<\/p>\n<p>Num cen\u00e1rio em que Moscovo tenha mentido sobre o alegado ataque, o objetivo de Putin, defende o especialista, seria redirecionar a aten\u00e7\u00e3o medi\u00e1tica e \u201cpassar de discutir o encontro entre Trump e Zelensky para passar a discutir as a\u00e7\u00f5es agressivas da Ucr\u00e2nia\u201d.<\/p>\n<p>\u201cIsto, no fundo, \u00e9 a tentativa de resposta medi\u00e1tica da R\u00fassia para tentar mostrar que a Ucr\u00e2nia n\u00e3o est\u00e1 interessada na paz, est\u00e1 interessada apenas na guerra e em matar Putin\u201d, sublinha o especialista, relembrando que esta vontade seria refor\u00e7ada pela mensagem de Natal do presidente Volodymyr Zelensky, onde o chefe de Estado diz que os desejos dos ucranianos convergem num s\u00f3: <a href=\"https:\/\/cnnportugal.iol.pt\/videos\/que-ele-morra-zelensky-diz-qual-e-o-sonho-privado-dos-ucranianos-e-o-pedido-publico-e-paz-para-a-ucrania\/694cfb6e0cf229bd2f8d85db\" target=\"_blank\" rel=\"nofollow noopener\">\u201cQue ele [Vladimir Putin] morra\u201d<\/a>.<\/p>\n<p>A resolu\u00e7\u00e3o do conflito que se antecipava para os primeiros meses de 2026 est\u00e1 agora comprometida. De acordo com o tenente-general Rafael Martins, a R\u00fassia, ao p\u00f4r o \u00f3nus do lado de Kiev, inicia o \u201cprocesso de retrocesso e faz uma suspens\u00e3o das negocia\u00e7\u00f5es porque prefere uma a\u00e7\u00e3o militar continuada nos meses que v\u00eam a\u00ed\u201d.<\/p>\n<p>A credibilidade da alega\u00e7\u00e3o russa <\/p>\n<p>O alegado lan\u00e7amento de 91 drones ucranianos contra uma das resid\u00eancias do l\u00edder russo \u00e9 uma hist\u00f3ria \u201csem p\u00e9s nem cabe\u00e7a\u201d, afirma Francisco Pereira Coutinho, que destaca a aus\u00eancia de provas como uma ponta solta do plano da R\u00fassia.\u00a0<\/p>\n<p>\u201cN\u00e3o h\u00e1 nenhuma indica\u00e7\u00e3o de que tenham ido drones especificamente para atingir uma casa de f\u00e9rias de Putin, onde ele n\u00e3o estava, ainda por cima. Portanto, a Ucr\u00e2nia estaria a atacar uma casa onde Putin n\u00e3o estaria, para o tentar matar, e sabia que muito dificilmente o conseguiria atingir l\u00e1, porque, ainda por cima, \u00e9 um complexo muit\u00edssimo protegido\u201d, real\u00e7a o especialista.<\/p>\n<p>\u201c[As provas] parecem n\u00e3o existir\u201d, acrescenta, sublinhando que \u201cos civis n\u00e3o ouviram nada, n\u00e3o h\u00e1 registo de coisa nenhuma e as hist\u00f3rias s\u00e3o, de facto, muito contradit\u00f3rias\u201d. Pode, portanto, ser esta a maior fragilidade do plano, dado que sem provas tang\u00edveis do ataque \u201c\u00e9 mais dif\u00edcil\u201d para a R\u00fassia invocar a retalia\u00e7\u00e3o, conclui.<\/p>\n<p>Ao contr\u00e1rio da Ucr\u00e2nia, a R\u00fassia pode ter visto vantagens em alegar um ataque desta dimens\u00e3o, porque pode agora \u201ciniciar uma opera\u00e7\u00e3o ofensiva ainda mais poderosa, mais r\u00e1pida, aproveitando tamb\u00e9m aquilo que \u00e9 a adversidade do inverno, para levar a Ucr\u00e2nia a ceder em quase toda a linha, quase a uma capitula\u00e7\u00e3o\u201d, explica Rafael Martins.<\/p>\n<p>Por outro lado, esta \u00e9 uma boa oportunidade \u201cpara a Ucr\u00e2nia se vitimizar\u201d, dado que v\u00e1rios Estados se mostraram \u201cdispon\u00edveis para reproduzir tudo aquilo que ouvem do Kremlin como se fosse a verdade, de uma forma completamente acr\u00edtica, mesmo sem ser apresentado qualquer tipo de prova\u201d, defende o especialista em direito internacional.<\/p>\n<p>O tenente-general frisa ainda que neste caso a quest\u00e3o central assenta na \u201ccredibilidade do processo\u201d: \u201cA R\u00fassia, se o fez, ter\u00e1 de o ter feito de forma muit\u00edssimo competente, para que n\u00e3o lhe possam cair as culpas em cima, porque se ca\u00edrem, \u00e9 um descr\u00e9dito enorme.\u201d<\/p>\n<p>J\u00e1 Francisco Pereira Coutinho pede que se analise a forma como a informa\u00e7\u00e3o tem chegado a Vladimir Putin, n\u00e3o sendo esta a primeira vez que faria acusa\u00e7\u00f5es falsas. \u201cEle recentemente alegou conquistas de cidades que, entretanto, n\u00e3o tinham acontecido, possivelmente por estar a receber informa\u00e7\u00f5es de generais que n\u00e3o t\u00eam uma correspond\u00eancia com a realidade. E desta vez isto nasce de uma conversa bilateral entre o presidente russo e o presidente americano\u201d, sublinha.<\/p>\n","protected":false},"excerpt":{"rendered":"\u00c9 muito pouco cred\u00edvel que a Ucr\u00e2nia tenha ordenado um ataque contra uma resid\u00eancia onde o presidente russo&hellip;\n","protected":false},"author":2,"featured_media":142222,"comment_status":"","ping_status":"","sticky":false,"template":"","format":"standard","meta":{"footnotes":""},"categories":[50],"tags":[609,836,611,79,27,28,607,608,333,832,604,135,610,837,476,15,16,301,830,889,14,603,25,26,570,21,22,831,833,62,834,12,13,19,20,835,602,52,32,23,24,839,17,18,29,30,31,2415,2416,63,64,65],"class_list":{"0":"post-208568","1":"post","2":"type-post","3":"status-publish","4":"format-standard","5":"has-post-thumbnail","7":"category-mundo","8":"tag-alerta","9":"tag-analise","10":"tag-ao-minuto","11":"tag-ataque","12":"tag-breaking-news","13":"tag-breakingnews","14":"tag-cnn","15":"tag-cnn-portugal","16":"tag-comentadores","17":"tag-costa","18":"tag-crime","19":"tag-desporto","20":"tag-direto","21":"tag-drones","22":"tag-economia","23":"tag-featured-news","24":"tag-featurednews","25":"tag-governo","26":"tag-guerra","27":"tag-guerra-na-ucrania","28":"tag-headlines","29":"tag-justica","30":"tag-latest-news","31":"tag-latestnews","32":"tag-live","33":"tag-main-news","34":"tag-mainnews","35":"tag-mais-vistas","36":"tag-marcelo","37":"tag-mundo","38":"tag-negocios","39":"tag-news","40":"tag-noticias","41":"tag-noticias-principais","42":"tag-noticiasprincipais","43":"tag-opiniao","44":"tag-pais","45":"tag-politica","46":"tag-portugal","47":"tag-principais-noticias","48":"tag-principaisnoticias","49":"tag-russia","50":"tag-top-stories","51":"tag-topstories","52":"tag-ultimas","53":"tag-ultimas-noticias","54":"tag-ultimasnoticias","55":"tag-vladimir-putin","56":"tag-volodymyr-zelensky","57":"tag-world","58":"tag-world-news","59":"tag-worldnews"},"share_on_mastodon":{"url":"","error":"Validation failed: Text character limit of 500 exceeded"},"_links":{"self":[{"href":"https:\/\/www.europesays.com\/pt\/wp-json\/wp\/v2\/posts\/208568","targetHints":{"allow":["GET"]}}],"collection":[{"href":"https:\/\/www.europesays.com\/pt\/wp-json\/wp\/v2\/posts"}],"about":[{"href":"https:\/\/www.europesays.com\/pt\/wp-json\/wp\/v2\/types\/post"}],"author":[{"embeddable":true,"href":"https:\/\/www.europesays.com\/pt\/wp-json\/wp\/v2\/users\/2"}],"replies":[{"embeddable":true,"href":"https:\/\/www.europesays.com\/pt\/wp-json\/wp\/v2\/comments?post=208568"}],"version-history":[{"count":0,"href":"https:\/\/www.europesays.com\/pt\/wp-json\/wp\/v2\/posts\/208568\/revisions"}],"wp:featuredmedia":[{"embeddable":true,"href":"https:\/\/www.europesays.com\/pt\/wp-json\/wp\/v2\/media\/142222"}],"wp:attachment":[{"href":"https:\/\/www.europesays.com\/pt\/wp-json\/wp\/v2\/media?parent=208568"}],"wp:term":[{"taxonomy":"category","embeddable":true,"href":"https:\/\/www.europesays.com\/pt\/wp-json\/wp\/v2\/categories?post=208568"},{"taxonomy":"post_tag","embeddable":true,"href":"https:\/\/www.europesays.com\/pt\/wp-json\/wp\/v2\/tags?post=208568"}],"curies":[{"name":"wp","href":"https:\/\/api.w.org\/{rel}","templated":true}]}}