{"id":208575,"date":"2025-12-30T22:35:08","date_gmt":"2025-12-30T22:35:08","guid":{"rendered":"https:\/\/www.europesays.com\/pt\/208575\/"},"modified":"2025-12-30T22:35:08","modified_gmt":"2025-12-30T22:35:08","slug":"imperdivel-fabio-acolhido-pela-familia-de-liliana-na-sua-terra-natal-sinto-me-em-casa-tvi","status":"publish","type":"post","link":"https:\/\/www.europesays.com\/pt\/208575\/","title":{"rendered":"Imperd\u00edvel! F\u00e1bio acolhido pela fam\u00edlia de Liliana na sua terra natal: \u00abSinto-me em casa\u00bb &#8211; TVI"},"content":{"rendered":"<ol>\n<li><a href=\"https:\/\/news.google.com\/rss\/articles\/CBMi4gFBVV95cUxOcks0OGdQV3RkUW0zb3RNa1pQQm1nN0VQaDFsV1JNemd2eG94SVB4NmFDbXFGZGxnYlNXR3ZBck1qZVBHUEI1NnhvYjkyb21ZWUxwNFlXbUVrdmNwRVV1ZjdlSE4wYzktRzNSTlFsVXVMVF9oWndNemVYTmk3QlFxQ1p2aC1yclRHMERfdGZXMzVDQmtudnlINFlGZW5nYllZUGVoT0F1S0x6aHFJdk9uVEpURXZOWlExbElJbFJiU1JjUHk0cjM1RFNNM2R6YWVoOXo3b0RZOXZwdjEyNF9pZmFB?oc=5\" target=\"_blank\" rel=\"nofollow noopener\">Imperd\u00edvel! F\u00e1bio acolhido pela fam\u00edlia de Liliana na sua terra natal: \u00abSinto-me em casa\u00bb<\/a>&nbsp;&nbsp;TVI<\/li>\n<li><a href=\"https:\/\/news.google.com\/rss\/articles\/CBMi5wFBVV95cUxObUt5MERFYlhZTzRLT3RiaGdZN1NLMzYzS2NjeVlkQ0I0UVdUNFY0SXgwYmUwWjY0aEhoMVJXdjVoM3dXXzYyNEZSX3dSTVZvMWlfcjFVTkc5cTZiY0R6TUZ3eHUtRFBlZlR0UjhTbVlSbHpySks3bjIxMEFMNEZSajNlVDJ5RlR1QkZhRFNucHFFSDMzOE5pa1dCNmtTeXBHRWh5eU5GTjRseHRoM0NOdzZzZU9fTk1YVlZObkRGSHZCNVdVU2d0YTFOUXo2eTE0XzFIaC1XZzdlczBkRDI4NE5qWFB5ZTA?oc=5\" target=\"_blank\" rel=\"nofollow noopener\">Leandro ataca Pedro em direto: \u00abVive de apar\u00eancias. S\u00f3 diz que lhe custou a minha sa\u00edda para&#8230;\u00bb<\/a>&nbsp;&nbsp;TVI<\/li>\n<li><a href=\"https:\/\/news.google.com\/rss\/articles\/CBMi8AFBVV95cUxOS0JCN0d3WVc2di1rd1BqYVpVUEZ5T0otVWpLczNEOVRKTmhPYllIYXZxR2tiZVRDcGJpa3BuTUJhbDRTRXBqNDd3Y3dPSUJDeXNEeUtlMF9IbjN2Q3pWOUFKeTR5azJBbTZvcWtPMjZHZUo2TnMzMENpd21OTFFaS0xiazMzVEdwMmZXR0hhSXFhNlYwQ1dfZmpYLTdwalVUX3hoM0huSHNSN3hIMHJZWEt0ODNHb0xZRU9YSWM3WEFDRlp6MGFMVVMwNFliSzFwdGJMajZCWWxRaHZvZzZ2TkREbmstdVlVZUxwRjFkajc?oc=5\" target=\"_blank\" rel=\"nofollow noopener\">Pedro leva Liliana ao limite! Discuss\u00e3o acesa acaba em l\u00e1grimas: \u00ab\u00c9s a \u00faltima pessoa a abrir a boca\u00bb<\/a>&nbsp;&nbsp;TVI<\/li>\n<li><a href=\"https:\/\/news.google.com\/rss\/articles\/CBMisgFBVV95cUxPYXVCYzJ3UmthajV0b3hCMVJ4cW5CRXl5M05JQUhURVZNOUdyY2NWSDdBZ1ZsR01yTmRWdzcteGdncFZWR2tzazlTeUZaU1Q5UHQ3bmRPWWw0MUJ0NWxzVkcwTUVSQm50elBWM1RTMEZOU3FGaGV1NktZajgzbjJQU0RVUHBIVXlwdTdMX1F6VlE4MlkyX0FNQmpRZW1sMVUyaUgxTmJCOS1IdDZ0dGI3R2N3?oc=5\" target=\"_blank\" rel=\"nofollow noopener\">Quem \u00e9? Vera confessa que j\u00e1 tem o cora\u00e7\u00e3o ocupado<\/a>&nbsp;&nbsp;TVI<\/li>\n<li><a href=\"https:\/\/news.google.com\/rss\/articles\/CBMi3gFBVV95cUxQQy1JRzhVVEpvbElvZHZqeG1zYnJjU2N2dTZnbERZN2tDUHkydzRFRzlaalpNYjlBYTFZX2VsX0l6ZjhFWGs2Q2pubzUyaXdmc3dFU19YaHg1ZnlOZ29xOUdGc1ZXWl9aWndqdnowVm12ZVBKaXR0UTgzMFZwR1UyR1pqNllraU5BVFlRMzFBUzJpN1VRSXdELXpoQk9jUEh5cURuYjBURmhUZVRiSE01eXlQd3Q5RXU1QmIyTm45dlFYc0M2RXYtM2lUdTB5RE4tQ3hDYlFhMGpCUVFUNmc?oc=5\" target=\"_blank\" rel=\"nofollow noopener\">Leandro fala sobre futuro da amizade com Pedro e Marisa: \u00abA minha vida vai continuar\u00bb<\/a>&nbsp;&nbsp;TVI<\/li>\n<\/ol>\n","protected":false},"excerpt":{"rendered":"Imperd\u00edvel! F\u00e1bio acolhido pela fam\u00edlia de Liliana na sua terra natal: \u00abSinto-me em casa\u00bb&nbsp;&nbsp;TVI Leandro ataca Pedro em&hellip;\n","protected":false},"author":2,"featured_media":208576,"comment_status":"","ping_status":"","sticky":false,"template":"","format":"standard","meta":{"footnotes":""},"categories":[142],"tags":[114,115,19082,19016,18800,32,33,151,162,18801],"class_list":{"0":"post-208575","1":"post","2":"type-post","3":"status-publish","4":"format-standard","5":"has-post-thumbnail","7":"category-tv","8":"tag-entertainment","9":"tag-entretenimento","10":"tag-fabio","11":"tag-liliana","12":"tag-momentos-virais-secret-story","13":"tag-portugal","14":"tag-pt","15":"tag-tv","16":"tag-tvi","17":"tag-videos-virais-concorrentes"},"share_on_mastodon":{"url":"https:\/\/pubeurope.com\/@pt\/115810908433354535","error":""},"_links":{"self":[{"href":"https:\/\/www.europesays.com\/pt\/wp-json\/wp\/v2\/posts\/208575","targetHints":{"allow":["GET"]}}],"collection":[{"href":"https:\/\/www.europesays.com\/pt\/wp-json\/wp\/v2\/posts"}],"about":[{"href":"https:\/\/www.europesays.com\/pt\/wp-json\/wp\/v2\/types\/post"}],"author":[{"embeddable":true,"href":"https:\/\/www.europesays.com\/pt\/wp-json\/wp\/v2\/users\/2"}],"replies":[{"embeddable":true,"href":"https:\/\/www.europesays.com\/pt\/wp-json\/wp\/v2\/comments?post=208575"}],"version-history":[{"count":0,"href":"https:\/\/www.europesays.com\/pt\/wp-json\/wp\/v2\/posts\/208575\/revisions"}],"wp:featuredmedia":[{"embeddable":true,"href":"https:\/\/www.europesays.com\/pt\/wp-json\/wp\/v2\/media\/208576"}],"wp:attachment":[{"href":"https:\/\/www.europesays.com\/pt\/wp-json\/wp\/v2\/media?parent=208575"}],"wp:term":[{"taxonomy":"category","embeddable":true,"href":"https:\/\/www.europesays.com\/pt\/wp-json\/wp\/v2\/categories?post=208575"},{"taxonomy":"post_tag","embeddable":true,"href":"https:\/\/www.europesays.com\/pt\/wp-json\/wp\/v2\/tags?post=208575"}],"curies":[{"name":"wp","href":"https:\/\/api.w.org\/{rel}","templated":true}]}}