{"id":208631,"date":"2025-12-30T23:26:07","date_gmt":"2025-12-30T23:26:07","guid":{"rendered":"https:\/\/www.europesays.com\/pt\/208631\/"},"modified":"2025-12-30T23:26:07","modified_gmt":"2025-12-30T23:26:07","slug":"khaleda-zia-a-primeira-mulher-a-chefiar-o-governo-de-bangladesh-morre-aos-80-anos","status":"publish","type":"post","link":"https:\/\/www.europesays.com\/pt\/208631\/","title":{"rendered":"Khaleda Zia, a primeira mulher a chefiar o Governo de Bangladesh, morre aos 80 anos"},"content":{"rendered":"<p data-remotead-prev-elm=\"true\" data-remotead-elm-id=\"inread\">&#8220;A nossa amada l\u00edder nacional, Khaleda Zia, j\u00e1 n\u00e3o est\u00e1 entre n\u00f3s. Hoje, \u00e0s 6 horas da manh\u00e3 [meia-noite em Portugal continental], deixou-nos&#8221;, disse o Partido Nacionalista do Bangladesh (BNP), na rede social Facebook.<\/p>\n<p>Zia estava internada a receber tratamento no Hospital Evercare, em Daca, desde o in\u00edcio de dezembro. De acordo com o jornal Daily Star, do Bangladesh, a ex-chefe do Executivo sofria de problemas card\u00edacos, doen\u00e7as hep\u00e1ticas e renais, diabetes, &#8220;al\u00e9m das quest\u00f5es pulmonares&#8221;.<\/p>\n<p>A sa\u00fade de Khaleda Zia deteriorou-se desde que foi detida em 2018, durante o Governo da antiga rival, Sheikh Hasina, que a proibiu de sair do pa\u00eds para tratamento m\u00e9dico. Hasina, de 78 anos, governou o Bangladesh entre 2009 e 2024, ano em que foi destitu\u00edda e se exilou na \u00cdndia. Este ano, foi condenada \u00e0 morte \u00e0 revelia no Bangladesh pela repress\u00e3o de manifesta\u00e7\u00f5es contra o seu Governo.<\/p>\n<p data-remotead-prev-elm=\"true\" data-remotead-elm-id=\"centro1\">Khaleda Zia foi libertada em 2024, ap\u00f3s a destitui\u00e7\u00e3o de Hasina, tendo-se deslocado a Londres para tratamentos m\u00e9dicos. Em 4 de dezembro, Zahid Hossain, m\u00e9dico do Hospital Evercare, disse que Zia iria ser transferida para a capital brit\u00e2nica num avi\u00e3o da fam\u00edlia real do Catar, devido ao agravamento do estado de sa\u00fade. <\/p>\n<p>Apesar da sa\u00fade debilitada, Khaleda Zia anunciou que pretendia liderar a campanha do BNP para as elei\u00e7\u00f5es parlamentares marcadas para o in\u00edcio de fevereiro de 2026.<\/p>\n<p>A primeira mulher a governar o Bangladesh, em 1991, Zia ocupou o cargo de primeira-ministra por tr\u00eas vezes (1991-1996, tr\u00eas meses em 1996 e entre 2001 e 2006).<\/p>\n<p data-remotead-prev-elm=\"true\" data-remotead-elm-id=\"centro2\">O filho de Zia, Tariq Rahman, l\u00edder da oposi\u00e7\u00e3o e chefe interino do BNP, regressou ao Bangladesh em 25 de dezembro ap\u00f3s quase 17 anos de ex\u00edlio e semanas antes das elei\u00e7\u00f5es gerais.<\/p>\n<p>L\u00edderes e membros do BNP, que est\u00e1 entre os favoritos nas elei\u00e7\u00f5es, estiveram entre os milhares que se reuniram nas ruas que conduzem ao aeroporto internacional da capital, transportando faixas e entoando frases para dar as boas-vindas a Rahman, que chegou de Londres.<\/p>\n<p>As for\u00e7as de seguran\u00e7a e o Ex\u00e9rcito mobilizaram uma grande opera\u00e7\u00e3o para manter a ordem.<\/p>\n<p data-remotead-prev-elm=\"true\" data-remotead-elm-id=\"centro3\">Ap\u00f3s a chegada, Rahman falou por telefone com o chefe do Governo interino, o Pr\u00e9mio Nobel da Paz Muhammad Yunus, segundo o BNP. Rahman lidera o partido do ex\u00edlio desde 2008, depois de ter enfrentado v\u00e1rias condena\u00e7\u00f5es e ter abandonado o Bangladesh devido a intensos confrontos pol\u00edticos com sucessivos governos.<\/p>\n<p>O Bangladesh \u00e9 liderado por um Governo interino estabelecido ap\u00f3s os protestos de 2024 que fizeram mais de 1.400 mortos e for\u00e7aram a demiss\u00e3o em agosto de Hasina, que fugiu para a \u00cdndia.<\/p>\n","protected":false},"excerpt":{"rendered":"&#8220;A nossa amada l\u00edder nacional, Khaleda Zia, j\u00e1 n\u00e3o est\u00e1 entre n\u00f3s. Hoje, \u00e0s 6 horas da manh\u00e3&hellip;\n","protected":false},"author":2,"featured_media":208632,"comment_status":"","ping_status":"","sticky":false,"template":"","format":"standard","meta":{"footnotes":""},"categories":[50],"tags":[8566,27,28,15,16,14,25,26,21,22,62,12,13,19,20,23,24,17,18,29,30,31,63,64,65],"class_list":{"0":"post-208631","1":"post","2":"type-post","3":"status-publish","4":"format-standard","5":"has-post-thumbnail","7":"category-mundo","8":"tag-bangladesh","9":"tag-breaking-news","10":"tag-breakingnews","11":"tag-featured-news","12":"tag-featurednews","13":"tag-headlines","14":"tag-latest-news","15":"tag-latestnews","16":"tag-main-news","17":"tag-mainnews","18":"tag-mundo","19":"tag-news","20":"tag-noticias","21":"tag-noticias-principais","22":"tag-noticiasprincipais","23":"tag-principais-noticias","24":"tag-principaisnoticias","25":"tag-top-stories","26":"tag-topstories","27":"tag-ultimas","28":"tag-ultimas-noticias","29":"tag-ultimasnoticias","30":"tag-world","31":"tag-world-news","32":"tag-worldnews"},"share_on_mastodon":{"url":"https:\/\/pubeurope.com\/@pt\/115811109011863274","error":""},"_links":{"self":[{"href":"https:\/\/www.europesays.com\/pt\/wp-json\/wp\/v2\/posts\/208631","targetHints":{"allow":["GET"]}}],"collection":[{"href":"https:\/\/www.europesays.com\/pt\/wp-json\/wp\/v2\/posts"}],"about":[{"href":"https:\/\/www.europesays.com\/pt\/wp-json\/wp\/v2\/types\/post"}],"author":[{"embeddable":true,"href":"https:\/\/www.europesays.com\/pt\/wp-json\/wp\/v2\/users\/2"}],"replies":[{"embeddable":true,"href":"https:\/\/www.europesays.com\/pt\/wp-json\/wp\/v2\/comments?post=208631"}],"version-history":[{"count":0,"href":"https:\/\/www.europesays.com\/pt\/wp-json\/wp\/v2\/posts\/208631\/revisions"}],"wp:featuredmedia":[{"embeddable":true,"href":"https:\/\/www.europesays.com\/pt\/wp-json\/wp\/v2\/media\/208632"}],"wp:attachment":[{"href":"https:\/\/www.europesays.com\/pt\/wp-json\/wp\/v2\/media?parent=208631"}],"wp:term":[{"taxonomy":"category","embeddable":true,"href":"https:\/\/www.europesays.com\/pt\/wp-json\/wp\/v2\/categories?post=208631"},{"taxonomy":"post_tag","embeddable":true,"href":"https:\/\/www.europesays.com\/pt\/wp-json\/wp\/v2\/tags?post=208631"}],"curies":[{"name":"wp","href":"https:\/\/api.w.org\/{rel}","templated":true}]}}