{"id":208637,"date":"2025-12-30T23:29:07","date_gmt":"2025-12-30T23:29:07","guid":{"rendered":"https:\/\/www.europesays.com\/pt\/208637\/"},"modified":"2025-12-30T23:29:07","modified_gmt":"2025-12-30T23:29:07","slug":"ticiane-pinheiro-se-emociona-em-despedida-da-record-eu-cresci-a","status":"publish","type":"post","link":"https:\/\/www.europesays.com\/pt\/208637\/","title":{"rendered":"Ticiane Pinheiro se emociona em despedida da Record: &#8220;Eu cresci a"},"content":{"rendered":"<p>A apresentadora <a href=\"https:\/\/www.otempo.com.br\/entretenimento\/2025\/12\/9\/ticiane-pinheiro-deixa-a-record-apos-20-anos-de-parceria\" rel=\"nofollow noopener\" target=\"_blank\"><strong>Ticiane Pinheiro<\/strong><\/a>, de 49 anos, se emocionou em sua despedida da <strong>Record<\/strong>, onde trabalhou por 20 anos. Durante o programa <a href=\"https:\/\/www.otempo.com.br\/entretenimento\/2025\/12\/17\/ticiane-pinheiro-reage-e-opina-sobre-futuro-namorado-da-filha\" rel=\"nofollow noopener\" target=\"_blank\"><strong>&#8216;Hoje em Dia&#8217;<\/strong><\/a>, a esposa de <strong>C\u00e9sar Tralli<\/strong> foi aplaudida pelos colegas do programa e chorou ao receber a homenagem.<\/p>\n<p>Ticiane tamb\u00e9m recebeu o carinho dos colegas de programa, <strong>Ana Hickmann e Celso Zucatelli<\/strong>, al\u00e9m de receber o est\u00fadio todo decorado com fotos de todos os seus anos como funcion\u00e1ria da emissora.<\/p>\n<p>&#8220;Queria agradecer voc\u00eas por tudo. Eu cresci aqui. Tudo que eu aprendi aqui foi por voc\u00eas. T\u00f4 muito triste de sair daqui. Sempre fui muito bem recebida e muito amada&#8221;, disse a apresentadora.<\/p>\n<p>Ainda em seu agradecimento, <strong>Ticiane Pinheiro<\/strong> relatou que continuar\u00e1 assistindo o programa todos os dias, al\u00e9m de torcer para todos os colegas com quem dividiu a apresenta\u00e7\u00e3o do <strong>&#8216;Hoje em Dia&#8217;.\u00a0<\/strong><\/p>\n<p>&#8220;A Record foi uma escola, uma casa e uma fam\u00edlia que me acolheu, me desafiou e me permitiu crescer&#8221;, destacou <strong>Ticiane Pinheiro.<\/strong><\/p>\n<p>\u00a0<\/p>\n<blockquote class=\"twitter-tweet\" data-media-max-width=\"560\"><p>&#13;<\/p>\n<p dir=\"ltr\" lang=\"pt\">Hoje foi o \u00faltimo dia da Ticiane Pinheiro apresentando o <a href=\"https:\/\/twitter.com\/hashtag\/HojeEmDia?src=hash&amp;ref_src=twsrc%5Etfw\" rel=\"nofollow noopener\" target=\"_blank\">#HojeEmDia<\/a> na Record! <a href=\"https:\/\/t.co\/MqlJwdynfO\" rel=\"nofollow\">pic.twitter.com\/MqlJwdynfO<\/a><\/p>\n<p>&#13;<br \/>\n\u2014 MattyBala \ud83d\udc9c\ud83d\udc27 (@MattyBala) <a href=\"https:\/\/twitter.com\/MattyBala\/status\/2006077274844717191?ref_src=twsrc%5Etfw\" rel=\"nofollow noopener\" target=\"_blank\">December 30, 2025<\/a><\/p><\/blockquote>\n<p>            <script async src=\"https:\/\/platform.twitter.com\/widgets.js\" charset=\"utf-8\"><\/script><\/p>\n","protected":false},"excerpt":{"rendered":"A apresentadora Ticiane Pinheiro, de 49 anos, se emocionou em sua despedida da Record, onde trabalhou por 20&hellip;\n","protected":false},"author":2,"featured_media":208638,"comment_status":"","ping_status":"","sticky":false,"template":"","format":"standard","meta":{"footnotes":""},"categories":[145],"tags":[211,210,114,115,32,33,2568,4787],"class_list":{"0":"post-208637","1":"post","2":"type-post","3":"status-publish","4":"format-standard","5":"has-post-thumbnail","7":"category-celebridades","8":"tag-celebridades","9":"tag-celebrities","10":"tag-entertainment","11":"tag-entretenimento","12":"tag-portugal","13":"tag-pt","14":"tag-record","15":"tag-ticiane-pinheiro"},"share_on_mastodon":{"url":"https:\/\/pubeurope.com\/@pt\/115811120775920591","error":""},"_links":{"self":[{"href":"https:\/\/www.europesays.com\/pt\/wp-json\/wp\/v2\/posts\/208637","targetHints":{"allow":["GET"]}}],"collection":[{"href":"https:\/\/www.europesays.com\/pt\/wp-json\/wp\/v2\/posts"}],"about":[{"href":"https:\/\/www.europesays.com\/pt\/wp-json\/wp\/v2\/types\/post"}],"author":[{"embeddable":true,"href":"https:\/\/www.europesays.com\/pt\/wp-json\/wp\/v2\/users\/2"}],"replies":[{"embeddable":true,"href":"https:\/\/www.europesays.com\/pt\/wp-json\/wp\/v2\/comments?post=208637"}],"version-history":[{"count":0,"href":"https:\/\/www.europesays.com\/pt\/wp-json\/wp\/v2\/posts\/208637\/revisions"}],"wp:featuredmedia":[{"embeddable":true,"href":"https:\/\/www.europesays.com\/pt\/wp-json\/wp\/v2\/media\/208638"}],"wp:attachment":[{"href":"https:\/\/www.europesays.com\/pt\/wp-json\/wp\/v2\/media?parent=208637"}],"wp:term":[{"taxonomy":"category","embeddable":true,"href":"https:\/\/www.europesays.com\/pt\/wp-json\/wp\/v2\/categories?post=208637"},{"taxonomy":"post_tag","embeddable":true,"href":"https:\/\/www.europesays.com\/pt\/wp-json\/wp\/v2\/tags?post=208637"}],"curies":[{"name":"wp","href":"https:\/\/api.w.org\/{rel}","templated":true}]}}