{"id":208648,"date":"2025-12-30T23:38:11","date_gmt":"2025-12-30T23:38:11","guid":{"rendered":"https:\/\/www.europesays.com\/pt\/208648\/"},"modified":"2025-12-30T23:38:11","modified_gmt":"2025-12-30T23:38:11","slug":"tempestades-de-poeira-em-marte-geram-eletricidade","status":"publish","type":"post","link":"https:\/\/www.europesays.com\/pt\/208648\/","title":{"rendered":"Tempestades de poeira em Marte geram eletricidade"},"content":{"rendered":"<p data-start=\"359\" data-end=\"936\">Uma descoberta in\u00e9dita na <a href=\"https:\/\/aventurasnahistoria.com.br\/noticias\/historia-hoje\/veja-como-seriam-as-moradias-na-lua-e-em-marte-segundo-designers.phtml\" rel=\"nofollow noopener\" target=\"_blank\">ci\u00eancia marciana<\/a> revelou que as tempestades de poeira em Marte geram eletricidade por meio de descargas eletrost\u00e1ticas entre part\u00edculas finas de poeira suspensas na atmosfera do planeta vermelho. Os resultados, publicados recentemente em estudos cient\u00edficos revisados por pares, confirmam pela primeira vez um fen\u00f4meno que havia sido apenas teoricamente previsto por d\u00e9cadas \u2014 e que agora muda a compreens\u00e3o que se tinha sobre a atmosfera marciana e os desafios da explora\u00e7\u00e3o humana e rob\u00f3tica no planeta.<\/p>\n<p data-start=\"938\" data-end=\"1530\">A descoberta surgiu a partir de <a href=\"https:\/\/www.nasa.gov\/missions\/mars-2020-perseverance\/perseverance-rover\/nasa-rover-detects-electric-sparks-in-mars-dust-devils-storms\/?utm_source=chatgpt.com\" rel=\"nofollow noopener\" target=\"_blank\">observa\u00e7\u00f5es feitas pelo rover Perseverance, da NASA<\/a>, que est\u00e1 explorando Marte desde 2021. Equipado com o instrumento SuperCam, o rob\u00f4 registrou sinais ac\u00fasticos e eletromagn\u00e9ticos durante a passagem de redemoinhos de poeira \u2014 tamb\u00e9m chamados de dust devils \u2014 e tempestades no <a href=\"https:\/\/aventurasnahistoria.com.br\/noticias\/historia-hoje\/sonda-registra-cratera-em-marte-com-formato-curioso.phtml\" rel=\"nofollow noopener\" target=\"_blank\">terreno marciano<\/a>. Esses sinais n\u00e3o correspondiam apenas ao som do vento e, ap\u00f3s an\u00e1lise, foram interpretados como descargas el\u00e9tricas geradas pela fric\u00e7\u00e3o entre as part\u00edculas de poeira que se chocam e se carregam eletricamente.<\/p>\n<p> Marte el\u00e9trica <\/p>\n<p data-start=\"1532\" data-end=\"2161\">Em Marte, a <a href=\"https:\/\/aventurasnahistoria.com.br\/noticias\/historia-hoje\/cientistas-registram-explosao-que-pode-arrancar-atmosferas.phtml\" rel=\"nofollow noopener\" target=\"_blank\">atmosfera<\/a> \u00e9 extremamente rarefeita e composta principalmente por di\u00f3xido de carbono \u2014 caracter\u00edsticas que facilitam a forma\u00e7\u00e3o de campos el\u00e9tricos fortes durante tempestades de poeira. Quando as part\u00edculas se elevam e se esfregam umas nas outras, elas acumulam cargas el\u00e9tricas que, ao se desprenderem, liberam energia na forma de fa\u00edscas e descargas el\u00e9tricas de pequena escala. Essas descargas \u2014 semelhantes a \u201cmini-rel\u00e2mpagos\u201d ou fa\u00edscas est\u00e1ticas \u2014 foram captadas pelos sensores do rover e representam a primeira evid\u00eancia direta de eletricidade atmosf\u00e9rica em Marte.<\/p>\n<p data-start=\"2163\" data-end=\"2743\">Esse fen\u00f4meno tem repercuss\u00f5es importantes para a ci\u00eancia e a explora\u00e7\u00e3o espacial. Primeiramente, as descargas el\u00e9tricas podem influenciar a qu\u00edmica atmosf\u00e9rica marciana, promovendo rea\u00e7\u00f5es que alteram a composi\u00e7\u00e3o de gases como o metano \u2014 um componente curioso da atmosfera que tem sido detectado em ciclos de emiss\u00e3o e desaparecimento r\u00e1pidos em miss\u00f5es anteriores. Modelos sugerem que a eletricidade pode acelerar a forma\u00e7\u00e3o de compostos oxidantes, o que ajuda a explicar por que o metano reduz mais rapidamente do que se esperava.<\/p>\n<p data-start=\"2745\" data-end=\"3368\">Al\u00e9m disso, a presen\u00e7a de eletricidade gerada por poeira tem implica\u00e7\u00f5es pr\u00e1ticas para futuras miss\u00f5es, especialmente as planejadas para a d\u00e9cada de 2030, quando a presen\u00e7a humana em Marte \u00e9 mais seriamente considerada. Descargas el\u00e9tricas e campos eletrost\u00e1ticos podem interferir em instrumentos eletr\u00f4nicos sens\u00edveis a bordo de rob\u00f4s e naves, exigindo projetos mais robustos e equipamentos protegidos contra descargas el\u00e9tricas. Para astronautas, isso representa um fator adicional de risco que precisa ser mitigado em habitats, trajes espaciais e sistemas de suporte \u00e0 vida.<\/p>\n","protected":false},"excerpt":{"rendered":"Uma descoberta in\u00e9dita na ci\u00eancia marciana revelou que as tempestades de poeira em Marte geram eletricidade por meio&hellip;\n","protected":false},"author":2,"featured_media":208649,"comment_status":"","ping_status":"","sticky":false,"template":"","format":"standard","meta":{"footnotes":""},"categories":[84],"tags":[443,109,107,108,2001,41055,1008,1347,2559,13,41056,32,33,105,103,104,106,110],"class_list":{"0":"post-208648","1":"post","2":"type-post","3":"status-publish","4":"format-standard","5":"has-post-thumbnail","7":"category-ciencia-e-tecnologia","8":"tag-astronomia","9":"tag-ciencia","10":"tag-ciencia-e-tecnologia","11":"tag-cienciaetecnologia","12":"tag-descoberta","13":"tag-elertricidade","14":"tag-espaco","15":"tag-estudo","16":"tag-marte","17":"tag-noticias","18":"tag-poeira","19":"tag-portugal","20":"tag-pt","21":"tag-science","22":"tag-science-and-technology","23":"tag-scienceandtechnology","24":"tag-technology","25":"tag-tecnologia"},"share_on_mastodon":{"url":"https:\/\/pubeurope.com\/@pt\/115811156117350972","error":""},"_links":{"self":[{"href":"https:\/\/www.europesays.com\/pt\/wp-json\/wp\/v2\/posts\/208648","targetHints":{"allow":["GET"]}}],"collection":[{"href":"https:\/\/www.europesays.com\/pt\/wp-json\/wp\/v2\/posts"}],"about":[{"href":"https:\/\/www.europesays.com\/pt\/wp-json\/wp\/v2\/types\/post"}],"author":[{"embeddable":true,"href":"https:\/\/www.europesays.com\/pt\/wp-json\/wp\/v2\/users\/2"}],"replies":[{"embeddable":true,"href":"https:\/\/www.europesays.com\/pt\/wp-json\/wp\/v2\/comments?post=208648"}],"version-history":[{"count":0,"href":"https:\/\/www.europesays.com\/pt\/wp-json\/wp\/v2\/posts\/208648\/revisions"}],"wp:featuredmedia":[{"embeddable":true,"href":"https:\/\/www.europesays.com\/pt\/wp-json\/wp\/v2\/media\/208649"}],"wp:attachment":[{"href":"https:\/\/www.europesays.com\/pt\/wp-json\/wp\/v2\/media?parent=208648"}],"wp:term":[{"taxonomy":"category","embeddable":true,"href":"https:\/\/www.europesays.com\/pt\/wp-json\/wp\/v2\/categories?post=208648"},{"taxonomy":"post_tag","embeddable":true,"href":"https:\/\/www.europesays.com\/pt\/wp-json\/wp\/v2\/tags?post=208648"}],"curies":[{"name":"wp","href":"https:\/\/api.w.org\/{rel}","templated":true}]}}