{"id":208662,"date":"2025-12-30T23:49:13","date_gmt":"2025-12-30T23:49:13","guid":{"rendered":"https:\/\/www.europesays.com\/pt\/208662\/"},"modified":"2025-12-30T23:49:13","modified_gmt":"2025-12-30T23:49:13","slug":"interesse-do-atletico-de-madrid-em-mora-sem-eco-no-dragao","status":"publish","type":"post","link":"https:\/\/www.europesays.com\/pt\/208662\/","title":{"rendered":"Interesse do Atl\u00e9tico de Madrid em Mora sem eco no Drag\u00e3o"},"content":{"rendered":"<p data-remotead-prev-elm=\"true\" data-remotead-elm-id=\"inread\">O site espanhol &#8220;Fichajes&#8221; noticiou, esta ter\u00e7a-feira, que o Atl\u00e9tico de Madrid estar\u00e1 disposto a pagar 70 milh\u00f5es de euros ao F. C. Porto por Rodrigo Mora no mercado de janeiro, mas, ao que o JN apurou, o clube da Invicta n\u00e3o recebeu, at\u00e9 agora, qualquer contacto do clube madrileno.<\/p>\n<p>O valor em causa \u00e9 o mesmo que, no ver\u00e3o passado, a SAD portista estabeleceu como adequado para uma eventual transfer\u00eancia do jovem atacante para o Al Ittihad, que acabou por n\u00e3o se concretizar, mesmo depois do dia 15 de julho, a partir do qual a cl\u00e1usula de rescis\u00e3o sofreu um agravamento de 50%, passando a ser de 105 milh\u00f5es.<\/p>\n<p>No mercado de janeiro, a cl\u00e1usula de 70 milh\u00f5es de euros n\u00e3o \u00e9 v\u00e1lida, pelo que Mora parece estar seguro no Drag\u00e3o pelo menos at\u00e9 ao final da presente \u00e9poca.<\/p>\n","protected":false},"excerpt":{"rendered":"O site espanhol &#8220;Fichajes&#8221; noticiou, esta ter\u00e7a-feira, que o Atl\u00e9tico de Madrid estar\u00e1 disposto a pagar 70 milh\u00f5es&hellip;\n","protected":false},"author":2,"featured_media":208663,"comment_status":"","ping_status":"","sticky":false,"template":"","format":"standard","meta":{"footnotes":""},"categories":[87],"tags":[135,20558,524,41,32,33,2435,134],"class_list":{"0":"post-208662","1":"post","2":"type-post","3":"status-publish","4":"format-standard","5":"has-post-thumbnail","7":"category-desporto","8":"tag-desporto","9":"tag-f-c-porto","10":"tag-futebol","11":"tag-mercado-de-transferencias","12":"tag-portugal","13":"tag-pt","14":"tag-rodrigo-mora","15":"tag-sports"},"share_on_mastodon":{"url":"https:\/\/pubeurope.com\/@pt\/115811199453807632","error":""},"_links":{"self":[{"href":"https:\/\/www.europesays.com\/pt\/wp-json\/wp\/v2\/posts\/208662","targetHints":{"allow":["GET"]}}],"collection":[{"href":"https:\/\/www.europesays.com\/pt\/wp-json\/wp\/v2\/posts"}],"about":[{"href":"https:\/\/www.europesays.com\/pt\/wp-json\/wp\/v2\/types\/post"}],"author":[{"embeddable":true,"href":"https:\/\/www.europesays.com\/pt\/wp-json\/wp\/v2\/users\/2"}],"replies":[{"embeddable":true,"href":"https:\/\/www.europesays.com\/pt\/wp-json\/wp\/v2\/comments?post=208662"}],"version-history":[{"count":0,"href":"https:\/\/www.europesays.com\/pt\/wp-json\/wp\/v2\/posts\/208662\/revisions"}],"wp:featuredmedia":[{"embeddable":true,"href":"https:\/\/www.europesays.com\/pt\/wp-json\/wp\/v2\/media\/208663"}],"wp:attachment":[{"href":"https:\/\/www.europesays.com\/pt\/wp-json\/wp\/v2\/media?parent=208662"}],"wp:term":[{"taxonomy":"category","embeddable":true,"href":"https:\/\/www.europesays.com\/pt\/wp-json\/wp\/v2\/categories?post=208662"},{"taxonomy":"post_tag","embeddable":true,"href":"https:\/\/www.europesays.com\/pt\/wp-json\/wp\/v2\/tags?post=208662"}],"curies":[{"name":"wp","href":"https:\/\/api.w.org\/{rel}","templated":true}]}}