{"id":208678,"date":"2025-12-31T00:02:07","date_gmt":"2025-12-31T00:02:07","guid":{"rendered":"https:\/\/www.europesays.com\/pt\/208678\/"},"modified":"2025-12-31T00:02:07","modified_gmt":"2025-12-31T00:02:07","slug":"produtora-de-jordan-peele-se-pronuncia-sobre-rumores-envolvendo-blade","status":"publish","type":"post","link":"https:\/\/www.europesays.com\/pt\/208678\/","title":{"rendered":"Produtora de Jordan Peele se pronuncia sobre rumores envolvendo Blade"},"content":{"rendered":"<p class=\"wp-block-yoast-seo-estimated-reading-time yoast-reading-time__wrapper\">Estimated reading time: 2 minutos<\/p>\n<p>Na \u00faltima ter\u00e7a-feira (29), a <strong>Monkey Productions<\/strong>, comandada pelo cineasta <strong>Jordan Peele<\/strong> (Corra!), causou um verdadeiro alvoro\u00e7o por, supostamente, ter dado uma pista de que estaria envolvida no desenvolvimento de <strong>Blade<\/strong>, da <a href=\"https:\/\/ovicio.com.br\/tag\/Marvel-Studios\/\" target=\"_blank\" rel=\"noreferrer noopener nofollow\">Marvel Studios<\/a>.<\/p>\n<p>O longa-metragem com <strong>Mahershala Ali<\/strong> (Green Book: O Guia) t\u00eam enfrentado muitos problemas desde seu an\u00fancio, e um poss\u00edvel envolvimento de Peele poderia, enfim, faz\u00ea-lo acontecer.<\/p>\n<p>Mas, ao que parece, acabou sendo apenas uma brincadeira.<\/p>\n<p>Em publica\u00e7\u00e3o no <strong>X<\/strong>, tivemos a seguinte mensagem: &#8220;<strong>Quando a internet pensa que voc\u00ea est\u00e1 fazendo um reboot de Blade simplesmente porque voc\u00ea colocou<\/strong> \ud83d\udc40.&#8221;<\/p>\n<p>O emoji dos olhos havia sido utilizado anteriormente.<\/p>\n<blockquote class=\"twitter-tweet\">\n<p lang=\"en\" dir=\"ltr\">When the internet thinks you&#8217;re making a Blade reboot because you said \ud83d\udc40 <a href=\"https:\/\/t.co\/ERzZ7Jr7RR\" rel=\"nofollow\">pic.twitter.com\/ERzZ7Jr7RR<\/a><\/p>\n<p>\u2014 Monkeypaw Productions (@Monkeypaw) <a href=\"https:\/\/twitter.com\/Monkeypaw\/status\/2006120732485455963?ref_src=twsrc%5Etfw\" rel=\"nofollow noopener\" target=\"_blank\">December 30, 2025<\/a><\/p>\n<\/blockquote>\n<p>Peele\u00a0e\u00a0<strong>Kevin Feige\u00a0<\/strong>est\u00e3o conversando sobre a possibilidade de uma colabora\u00e7\u00e3o h\u00e1 algum tempo. O diretor e o chefe do est\u00fadio tiveram v\u00e1rias reuni\u00f5es, e at\u00e9 mesmo um convite para a nova vers\u00e3o dos<strong> X-Men<\/strong> foi feito no per\u00edodo, mas acabou recusado.<\/p>\n<p>Leia mais sobre Jordan Peele:<\/p>\n<p><strong>Fonte<\/strong>: <a href=\"https:\/\/x.com\/Monkeypaw\/status\/2006120732485455963\" target=\"_blank\" rel=\"noreferrer noopener nofollow\">Monkeypaw<\/a><\/p>\n<p><script async src=\"https:\/\/platform.twitter.com\/widgets.js\" charset=\"utf-8\"><\/script><\/p>\n","protected":false},"excerpt":{"rendered":"Estimated reading time: 2 minutos Na \u00faltima ter\u00e7a-feira (29), a Monkey Productions, comandada pelo cineasta Jordan Peele (Corra!),&hellip;\n","protected":false},"author":2,"featured_media":208679,"comment_status":"","ping_status":"","sticky":false,"template":"","format":"standard","meta":{"footnotes":""},"categories":[140],"tags":[7314,114,115,147,148,792,12733,146,32,33],"class_list":{"0":"post-208678","1":"post","2":"type-post","3":"status-publish","4":"format-standard","5":"has-post-thumbnail","7":"category-filmes","8":"tag-blade","9":"tag-entertainment","10":"tag-entretenimento","11":"tag-film","12":"tag-filmes","13":"tag-marvel","14":"tag-marvel-studios","15":"tag-movies","16":"tag-portugal","17":"tag-pt"},"share_on_mastodon":{"url":"https:\/\/pubeurope.com\/@pt\/115811250975968371","error":""},"_links":{"self":[{"href":"https:\/\/www.europesays.com\/pt\/wp-json\/wp\/v2\/posts\/208678","targetHints":{"allow":["GET"]}}],"collection":[{"href":"https:\/\/www.europesays.com\/pt\/wp-json\/wp\/v2\/posts"}],"about":[{"href":"https:\/\/www.europesays.com\/pt\/wp-json\/wp\/v2\/types\/post"}],"author":[{"embeddable":true,"href":"https:\/\/www.europesays.com\/pt\/wp-json\/wp\/v2\/users\/2"}],"replies":[{"embeddable":true,"href":"https:\/\/www.europesays.com\/pt\/wp-json\/wp\/v2\/comments?post=208678"}],"version-history":[{"count":0,"href":"https:\/\/www.europesays.com\/pt\/wp-json\/wp\/v2\/posts\/208678\/revisions"}],"wp:featuredmedia":[{"embeddable":true,"href":"https:\/\/www.europesays.com\/pt\/wp-json\/wp\/v2\/media\/208679"}],"wp:attachment":[{"href":"https:\/\/www.europesays.com\/pt\/wp-json\/wp\/v2\/media?parent=208678"}],"wp:term":[{"taxonomy":"category","embeddable":true,"href":"https:\/\/www.europesays.com\/pt\/wp-json\/wp\/v2\/categories?post=208678"},{"taxonomy":"post_tag","embeddable":true,"href":"https:\/\/www.europesays.com\/pt\/wp-json\/wp\/v2\/tags?post=208678"}],"curies":[{"name":"wp","href":"https:\/\/api.w.org\/{rel}","templated":true}]}}