{"id":208704,"date":"2025-12-31T00:24:12","date_gmt":"2025-12-31T00:24:12","guid":{"rendered":"https:\/\/www.europesays.com\/pt\/208704\/"},"modified":"2025-12-31T00:24:12","modified_gmt":"2025-12-31T00:24:12","slug":"efeito-takaichi-leva-bolsas-japonesas-a-recordes-no-final-do-ano-bolsa","status":"publish","type":"post","link":"https:\/\/www.europesays.com\/pt\/208704\/","title":{"rendered":"&#8220;Efeito Takaichi&#8221; leva bolsas japonesas a recordes no final do ano &#8211; Bolsa"},"content":{"rendered":"<p class=\"\">&#13;<br \/>\n        O <b>&#8220;efeito Takaichi&#8221;<\/b>, cujo nome vem da nova primeira-ministra do Jap\u00e3o, <a href=\"https:\/\/www.jornaldenegocios.pt\/mercados\/bolsa\/detalhe\/takaichi-pode-chefiar-governo-do-japao-bolsas-aplaudem-iene-afunda-e-juros-da-divida-recuam\" target=\"_self\" rel=\"tag nofollow noopener\">Sanae Takaichi<\/a>, levou os principais <b>\u00edndices nip\u00f3nicos a m\u00e1ximos hist\u00f3ricos no final do ano<\/b>. Tanto o <b>Nikkei<\/b>\u00a0como o <b>Topix<\/b>, superaram, respetivamente, a <b>barreira dos 50.000 e 3.000 pontos<\/b>, muito \u00e0 custa das cotadas do <b>setor tecnol\u00f3gico<\/b>, num ano em que conseguiram escapar \u00e0 turbul\u00eancia gerada pela imposi\u00e7\u00e3o de tarifas por parte dos Estados Unidos.&#13;\n    <\/p>\n","protected":false},"excerpt":{"rendered":"&#13; O &#8220;efeito Takaichi&#8221;, cujo nome vem da nova primeira-ministra do Jap\u00e3o, Sanae Takaichi, levou os principais \u00edndices&hellip;\n","protected":false},"author":2,"featured_media":208705,"comment_status":"","ping_status":"","sticky":false,"template":"","format":"standard","meta":{"footnotes":""},"categories":[83],"tags":[41059,88,89,90,235,445,461,41060,40741,52,1212,32,33,27910,10402],"class_list":{"0":"post-208704","1":"post","2":"type-post","3":"status-publish","4":"format-standard","5":"has-post-thumbnail","7":"category-empresas","8":"tag-banco-do-japao","9":"tag-business","10":"tag-economy","11":"tag-empresas","12":"tag-estados-unidos","13":"tag-europa","14":"tag-japao","15":"tag-kioxia","16":"tag-mercado-da-energia","17":"tag-politica","18":"tag-politica-monetaria","19":"tag-portugal","20":"tag-pt","21":"tag-sanae-takaichi","22":"tag-sp"},"share_on_mastodon":{"url":"https:\/\/pubeurope.com\/@pt\/115811336988831763","error":""},"_links":{"self":[{"href":"https:\/\/www.europesays.com\/pt\/wp-json\/wp\/v2\/posts\/208704","targetHints":{"allow":["GET"]}}],"collection":[{"href":"https:\/\/www.europesays.com\/pt\/wp-json\/wp\/v2\/posts"}],"about":[{"href":"https:\/\/www.europesays.com\/pt\/wp-json\/wp\/v2\/types\/post"}],"author":[{"embeddable":true,"href":"https:\/\/www.europesays.com\/pt\/wp-json\/wp\/v2\/users\/2"}],"replies":[{"embeddable":true,"href":"https:\/\/www.europesays.com\/pt\/wp-json\/wp\/v2\/comments?post=208704"}],"version-history":[{"count":0,"href":"https:\/\/www.europesays.com\/pt\/wp-json\/wp\/v2\/posts\/208704\/revisions"}],"wp:featuredmedia":[{"embeddable":true,"href":"https:\/\/www.europesays.com\/pt\/wp-json\/wp\/v2\/media\/208705"}],"wp:attachment":[{"href":"https:\/\/www.europesays.com\/pt\/wp-json\/wp\/v2\/media?parent=208704"}],"wp:term":[{"taxonomy":"category","embeddable":true,"href":"https:\/\/www.europesays.com\/pt\/wp-json\/wp\/v2\/categories?post=208704"},{"taxonomy":"post_tag","embeddable":true,"href":"https:\/\/www.europesays.com\/pt\/wp-json\/wp\/v2\/tags?post=208704"}],"curies":[{"name":"wp","href":"https:\/\/api.w.org\/{rel}","templated":true}]}}