{"id":208714,"date":"2025-12-31T00:34:13","date_gmt":"2025-12-31T00:34:13","guid":{"rendered":"https:\/\/www.europesays.com\/pt\/208714\/"},"modified":"2025-12-31T00:34:13","modified_gmt":"2025-12-31T00:34:13","slug":"fc-porto-entre-os-clubes-interessados-por-jovem-que-atua-no-brasil","status":"publish","type":"post","link":"https:\/\/www.europesays.com\/pt\/208714\/","title":{"rendered":"FC Porto entre os clubes interessados por jovem que atua no Brasil"},"content":{"rendered":"<p>&#8211; Advertisement &#8211;<\/p>\n<p><strong>O FC Porto \u00e9 um dos clubes atentos a Gustavo Zabarelli. Barcelona mostra forte interesse no jovem do S\u00e3o Paulo.<\/strong><\/p>\n<p>Gustavo Zabarelli est\u00e1 na mira do <a href=\"https:\/\/bolanarede.pt\/etiqueta\/fc-porto\/\" target=\"_blank\" rel=\"noreferrer noopener nofollow\">FC Porto<\/a> e do Barcelona (entre mais clubes), garante a ESPN Brasil. A mesma fonte refere que scouts dos drag\u00f5es e da equipa catal\u00e3 observar\u00e3o de perto o jovem de 16 anos do S\u00e3o Paulo.<\/p>\n<p>No caso do Barcelona, o interesse n\u00e3o \u00e9 recente e j\u00e1 houve os primeiros contactos, devido \u00e0 boa rela\u00e7\u00e3o de Giuliano Bertoclucci e Lecca de Camargo com Deco (diretor desportivo do clube catal\u00e3o). Al\u00e9m disso, h\u00e1 clubes da Premier League que tamb\u00e9m est\u00e3o atentos a Gustavo Zabarelli, embora a fonte n\u00e3o especifique quais. <\/p>\n<p>Gustavo Zabarelli \u00e9 um m\u00e9dio de 16 anos que atua na forma\u00e7\u00e3o do S\u00e3o Paulo e que tem contrato v\u00e1lido at\u00e9 2028.<\/p>\n","protected":false},"excerpt":{"rendered":"&#8211; Advertisement &#8211; O FC Porto \u00e9 um dos clubes atentos a Gustavo Zabarelli. Barcelona mostra forte interesse&hellip;\n","protected":false},"author":2,"featured_media":184800,"comment_status":"","ping_status":"","sticky":false,"template":"","format":"standard","meta":{"footnotes":""},"categories":[87],"tags":[260,1235,135,282,41061,32,33,654,134],"class_list":{"0":"post-208714","1":"post","2":"type-post","3":"status-publish","4":"format-standard","5":"has-post-thumbnail","7":"category-desporto","8":"tag-atualidade","9":"tag-barcelona","10":"tag-desporto","11":"tag-fc-porto","12":"tag-gustavo-zabarelli","13":"tag-portugal","14":"tag-pt","15":"tag-sao-paulo","16":"tag-sports"},"share_on_mastodon":{"url":"https:\/\/pubeurope.com\/@pt\/115811376954587548","error":""},"_links":{"self":[{"href":"https:\/\/www.europesays.com\/pt\/wp-json\/wp\/v2\/posts\/208714","targetHints":{"allow":["GET"]}}],"collection":[{"href":"https:\/\/www.europesays.com\/pt\/wp-json\/wp\/v2\/posts"}],"about":[{"href":"https:\/\/www.europesays.com\/pt\/wp-json\/wp\/v2\/types\/post"}],"author":[{"embeddable":true,"href":"https:\/\/www.europesays.com\/pt\/wp-json\/wp\/v2\/users\/2"}],"replies":[{"embeddable":true,"href":"https:\/\/www.europesays.com\/pt\/wp-json\/wp\/v2\/comments?post=208714"}],"version-history":[{"count":0,"href":"https:\/\/www.europesays.com\/pt\/wp-json\/wp\/v2\/posts\/208714\/revisions"}],"wp:featuredmedia":[{"embeddable":true,"href":"https:\/\/www.europesays.com\/pt\/wp-json\/wp\/v2\/media\/184800"}],"wp:attachment":[{"href":"https:\/\/www.europesays.com\/pt\/wp-json\/wp\/v2\/media?parent=208714"}],"wp:term":[{"taxonomy":"category","embeddable":true,"href":"https:\/\/www.europesays.com\/pt\/wp-json\/wp\/v2\/categories?post=208714"},{"taxonomy":"post_tag","embeddable":true,"href":"https:\/\/www.europesays.com\/pt\/wp-json\/wp\/v2\/tags?post=208714"}],"curies":[{"name":"wp","href":"https:\/\/api.w.org\/{rel}","templated":true}]}}