{"id":208742,"date":"2025-12-31T01:10:14","date_gmt":"2025-12-31T01:10:14","guid":{"rendered":"https:\/\/www.europesays.com\/pt\/208742\/"},"modified":"2025-12-31T01:10:14","modified_gmt":"2025-12-31T01:10:14","slug":"preco-da-ram-dispara-e-pode-empurrar-a-playstation-6-e-a-nova-xbox-para-2028","status":"publish","type":"post","link":"https:\/\/www.europesays.com\/pt\/208742\/","title":{"rendered":"Pre\u00e7o da RAM dispara e pode empurrar a PlayStation 6 e a nova Xbox para 2028"},"content":{"rendered":"<p>A corrida desenfreada ao desenvolvimento de Intelig\u00eancia Artificial est\u00e1 a ter um efeito colateral inesperado e dispendioso: est\u00e1 a \u201csecar\u201d o mercado mundial de mem\u00f3ria RAM. Depois de alertas sobre o aumento de pre\u00e7os nos smartphones para 2026, surgem agora indicadores de que a onda de choque vai atingir a ind\u00fastria dos videojogos, podendo for\u00e7ar a Sony e a Microsoft a adiar o lan\u00e7amento das suas consolas de pr\u00f3xima gera\u00e7\u00e3o.<\/p>\n<p>Segundo informa\u00e7\u00f5es avan\u00e7adas pelo site Insider Gaming, os planos para a <strong>PlayStation 6<\/strong> e para a nova <strong>Xbox<\/strong> (conhecida internamente pelo nome de c\u00f3digo \u201cMagnus\u201d) est\u00e3o em risco de derrapar. O que estava previsto ser um ano de celebra\u00e7\u00e3o tecnol\u00f3gica em 2027 pode transformar-se num ano de espera.<\/p>\n<p><img fetchpriority=\"high\" decoding=\"async\" width=\"1200\" height=\"675\" src=\"https:\/\/www.europesays.com\/pt\/wp-content\/uploads\/2025\/12\/Memoria-RAM-1200x675.webp.webp\" alt=\"Memo\u0301ria ram\" class=\"wp-image-164181\" title=\"Memoria RAM TecheNet\"  \/><\/p>\n<p>A culpa \u00e9 da IA: escassez gera infla\u00e7\u00e3o<\/p>\n<p>A raiz do problema \u00e9 simples, mas brutal: a lei da oferta e da procura. As grandes empresas tecnol\u00f3gicas est\u00e3o a comprar quantidades massivas de mem\u00f3ria RAM para alimentar os servidores de IA, criando uma escassez global que faz disparar os pre\u00e7os.<\/p>\n<p>Para a Sony e a Microsoft, isto cria um dilema financeiro. As consolas de jogos dependem de grandes quantidades de mem\u00f3ria r\u00e1pida (GDDR) para entregar gr\u00e1ficos de ponta. Se o pre\u00e7o deste componente vital subir drasticamente, o custo de fabrico da consola dispara.<\/p>\n<p>2027 ou 2028? A batalha pelo pre\u00e7o justo<\/p>\n<p>O lan\u00e7amento original estava apontado para <strong>2027<\/strong>. No entanto, perante a escalada de custos, as duas gigantes enfrentam uma escolha dif\u00edcil:<\/p>\n<ol class=\"wp-block-list\">\n<li><strong>Lan\u00e7ar em 2027:<\/strong> E serem for\u00e7adas a colocar as consolas no mercado a um pre\u00e7o proibitivo (possivelmente muito acima dos 600 ou 700 euros), o que prejudicaria a ado\u00e7\u00e3o inicial.<\/li>\n<li><strong>Adiar para 2028:<\/strong> Esperar que o mercado de componentes estabilize para conseguir lan\u00e7ar o hardware a um pre\u00e7o competitivo e acess\u00edvel para o consumidor m\u00e9dio.<\/li>\n<\/ol>\n<p>O relat\u00f3rio sugere que a segunda op\u00e7\u00e3o est\u00e1 a ganhar for\u00e7a. A Sony e a Microsoft sabem que o pre\u00e7o \u00e9 um fator decisivo no sucesso de uma nova gera\u00e7\u00e3o. Adiar o lan\u00e7amento para <strong>2028<\/strong> pode ser a \u00fanica forma de garantir que a PS6 e a nova Xbox n\u00e3o se tornam produtos de luxo inalcan\u00e7\u00e1veis, mas sim plataformas de massas prontas para definir a pr\u00f3xima d\u00e9cada de entretenimento.<\/p>\n<p><strong>Outros artigos interessantes:<\/strong><\/p>\n","protected":false},"excerpt":{"rendered":"A corrida desenfreada ao desenvolvimento de Intelig\u00eancia Artificial est\u00e1 a ter um efeito colateral inesperado e dispendioso: est\u00e1&hellip;\n","protected":false},"author":2,"featured_media":208743,"comment_status":"","ping_status":"","sticky":false,"template":"","format":"standard","meta":{"footnotes":""},"categories":[84],"tags":[109,107,108,32,33,105,103,104,106,110],"class_list":{"0":"post-208742","1":"post","2":"type-post","3":"status-publish","4":"format-standard","5":"has-post-thumbnail","7":"category-ciencia-e-tecnologia","8":"tag-ciencia","9":"tag-ciencia-e-tecnologia","10":"tag-cienciaetecnologia","11":"tag-portugal","12":"tag-pt","13":"tag-science","14":"tag-science-and-technology","15":"tag-scienceandtechnology","16":"tag-technology","17":"tag-tecnologia"},"share_on_mastodon":{"url":"https:\/\/pubeurope.com\/@pt\/115811517936418451","error":""},"_links":{"self":[{"href":"https:\/\/www.europesays.com\/pt\/wp-json\/wp\/v2\/posts\/208742","targetHints":{"allow":["GET"]}}],"collection":[{"href":"https:\/\/www.europesays.com\/pt\/wp-json\/wp\/v2\/posts"}],"about":[{"href":"https:\/\/www.europesays.com\/pt\/wp-json\/wp\/v2\/types\/post"}],"author":[{"embeddable":true,"href":"https:\/\/www.europesays.com\/pt\/wp-json\/wp\/v2\/users\/2"}],"replies":[{"embeddable":true,"href":"https:\/\/www.europesays.com\/pt\/wp-json\/wp\/v2\/comments?post=208742"}],"version-history":[{"count":0,"href":"https:\/\/www.europesays.com\/pt\/wp-json\/wp\/v2\/posts\/208742\/revisions"}],"wp:featuredmedia":[{"embeddable":true,"href":"https:\/\/www.europesays.com\/pt\/wp-json\/wp\/v2\/media\/208743"}],"wp:attachment":[{"href":"https:\/\/www.europesays.com\/pt\/wp-json\/wp\/v2\/media?parent=208742"}],"wp:term":[{"taxonomy":"category","embeddable":true,"href":"https:\/\/www.europesays.com\/pt\/wp-json\/wp\/v2\/categories?post=208742"},{"taxonomy":"post_tag","embeddable":true,"href":"https:\/\/www.europesays.com\/pt\/wp-json\/wp\/v2\/tags?post=208742"}],"curies":[{"name":"wp","href":"https:\/\/api.w.org\/{rel}","templated":true}]}}