{"id":208777,"date":"2025-12-31T01:57:29","date_gmt":"2025-12-31T01:57:29","guid":{"rendered":"https:\/\/www.europesays.com\/pt\/208777\/"},"modified":"2025-12-31T01:57:29","modified_gmt":"2025-12-31T01:57:29","slug":"um-dia-antes-de-reencontrar-liliana-fabio-deixa-importante-mensagem-a-vida-e-uma-caixinha-de-surpresas","status":"publish","type":"post","link":"https:\/\/www.europesays.com\/pt\/208777\/","title":{"rendered":"Um dia antes de reencontrar Liliana, F\u00e1bio deixa importante mensagem: &#8220;A vida \u00e9 uma caixinha de surpresas&#8221;"},"content":{"rendered":"<p>Fora da nona edi\u00e7\u00e3o de &#8220;Secret Story &#8211; Casa dos Segredos&#8221; h\u00e1 pouco mais de uma semana, <a href=\"https:\/\/selfie.iol.pt\/famosos\/casa-dos-segredos\/amor-com-amor-se-paga-ja-viu-com-quem-esta-fabio-pereira\/20261228\/69511be5d34e3caad84cd878\" target=\"_blank\" rel=\"nofollow noopener\">F\u00e1bio Pereira<\/a> est\u00e1 prestes a reencontrar Liliana Oliveira, por quem se apaixonou na mans\u00e3o da Malveira.<\/p>\n<p>Um dia antes de descobrir se a namorada conquista o t\u00edtulo de vencedora do reality show da <a href=\"https:\/\/tvi.iol.pt\/\" target=\"_blank\" rel=\"nofollow noopener\">TVI<\/a> e um cheque de 250 mil euros, <a href=\"https:\/\/selfie.iol.pt\/famosos\/casa-dos-segredos\/nao-cria-verdade-fora-de-secret-story-fabio-pereira-apoia-concorrente-e-lanca-farpa\/20251227\/694fe8a0d34e2bd5c6d58d97\" target=\"_blank\" rel=\"nofollow noopener\">F\u00e1bio Pereira<\/a> recorreu ao Instagram para defender Liliana Oliveira.<\/p>\n<p>&#8220;Entr\u00e1mos neste jogo para viver uma aventura, mas a vida \u00e9 uma caixinha de surpresas &#8211; e a Liliana, mesmo sabendo que tinha o mundo a desabar contra ela c\u00e1 fora, conseguiu sempre ter for\u00e7a, vontade e desejo de jogar. Nunca deixou de jogar, nunca deixou de sentir e nunca deixou de acreditar no amor&#8221;, escreveu o antigo morador da casa mais vigiada do Pa\u00eds.<\/p>\n<p>Veja, agora, v\u00eddeos de Liliana Oliveira em &#8220;<a href=\"https:\/\/tvi.iol.pt\/secretstory\/\" target=\"_blank\" rel=\"nofollow noopener\">Secret Story<\/a> &#8211; Casa dos Segredos&#8221;.<\/p>\n<p style=\"text-align:center\"><img loading=\"lazy\" decoding=\"async\" alt=\"\" height=\"889\" src=\"https:\/\/www.europesays.com\/pt\/wp-content\/uploads\/2025\/12\/6954274bd34e3caad84cf2d1.webp\" width=\"500\"\/><\/p>\n<p>\u00a0<\/p>\n","protected":false},"excerpt":{"rendered":"Fora da nona edi\u00e7\u00e3o de &#8220;Secret Story &#8211; Casa dos Segredos&#8221; h\u00e1 pouco mais de uma semana, F\u00e1bio&hellip;\n","protected":false},"author":2,"featured_media":198305,"comment_status":"","ping_status":"","sticky":false,"template":"","format":"standard","meta":{"footnotes":""},"categories":[145],"tags":[2632,13471,211,210,6338,114,115,6309,19082,24884,980,9485,1015,19016,24883,619,32,33,1014,1315,6985,16687,16686,1012,6986,16688,162],"class_list":{"0":"post-208777","1":"post","2":"type-post","3":"status-publish","4":"format-standard","5":"has-post-thumbnail","7":"category-celebridades","8":"tag-casa-dos-segredos","9":"tag-casa-dos-segredos-9","10":"tag-celebridades","11":"tag-celebrities","12":"tag-concorrente","13":"tag-entertainment","14":"tag-entretenimento","15":"tag-ex-concorrente","16":"tag-fabio","17":"tag-fabio-pereira","18":"tag-famosos","19":"tag-finalista","20":"tag-instagram","21":"tag-liliana","22":"tag-liliana-oliveira","23":"tag-nacional","24":"tag-portugal","25":"tag-pt","26":"tag-reality-show","27":"tag-secret-story","28":"tag-secret-story-casa-dos-segredos","29":"tag-secret-story-casa-dos-segredos-9","30":"tag-secret-story-9","31":"tag-selfie","32":"tag-ss","33":"tag-ss9","34":"tag-tvi"},"share_on_mastodon":{"url":"https:\/\/pubeurope.com\/@pt\/115811702745483830","error":""},"_links":{"self":[{"href":"https:\/\/www.europesays.com\/pt\/wp-json\/wp\/v2\/posts\/208777","targetHints":{"allow":["GET"]}}],"collection":[{"href":"https:\/\/www.europesays.com\/pt\/wp-json\/wp\/v2\/posts"}],"about":[{"href":"https:\/\/www.europesays.com\/pt\/wp-json\/wp\/v2\/types\/post"}],"author":[{"embeddable":true,"href":"https:\/\/www.europesays.com\/pt\/wp-json\/wp\/v2\/users\/2"}],"replies":[{"embeddable":true,"href":"https:\/\/www.europesays.com\/pt\/wp-json\/wp\/v2\/comments?post=208777"}],"version-history":[{"count":0,"href":"https:\/\/www.europesays.com\/pt\/wp-json\/wp\/v2\/posts\/208777\/revisions"}],"wp:featuredmedia":[{"embeddable":true,"href":"https:\/\/www.europesays.com\/pt\/wp-json\/wp\/v2\/media\/198305"}],"wp:attachment":[{"href":"https:\/\/www.europesays.com\/pt\/wp-json\/wp\/v2\/media?parent=208777"}],"wp:term":[{"taxonomy":"category","embeddable":true,"href":"https:\/\/www.europesays.com\/pt\/wp-json\/wp\/v2\/categories?post=208777"},{"taxonomy":"post_tag","embeddable":true,"href":"https:\/\/www.europesays.com\/pt\/wp-json\/wp\/v2\/tags?post=208777"}],"curies":[{"name":"wp","href":"https:\/\/api.w.org\/{rel}","templated":true}]}}