{"id":208815,"date":"2025-12-31T02:59:13","date_gmt":"2025-12-31T02:59:13","guid":{"rendered":"https:\/\/www.europesays.com\/pt\/208815\/"},"modified":"2025-12-31T02:59:13","modified_gmt":"2025-12-31T02:59:13","slug":"abracou-muito-bem-o-projeto","status":"publish","type":"post","link":"https:\/\/www.europesays.com\/pt\/208815\/","title":{"rendered":"\u00abAbra\u00e7ou muito bem o projeto\u00bb"},"content":{"rendered":"<p>&#8211; Advertisement &#8211;<\/p>\n<p><strong>Ivo Pinto deixou elogios a Alberto Costa, lateral direito que refor\u00e7ou o FC Porto no come\u00e7o da presente temporada.<\/strong><\/p>\n<p>Ivo Pinto concedeu uma entrevista ao Bola na Rede, onde falou sobre os laterais direitos da Primeira Liga. O atual jogador do Fortuna Sittard elogiou Amar Dedic e Alberto Costa:<\/p>\n<p>\u00abNeste momento \u00e9 uma pergunta dif\u00edcil. O Dedic teve um bom impacto no come\u00e7o da \u00e9poca, mas penso que quebrou um bocadinho. Estou a gostar muito do Alberto Costa, apesar da les\u00e3o. Tem uma capacidade f\u00edsica incr\u00edvel, adaptou-se muito bem ao que o Francesco Farioli tem pedido. Tem ido para dentro muitas vezes, adiciona coisas muito boas ao jogo. Deixou de ser somente um lateral e \u00e9 um jogador mais completo. Tem uma margem de progress\u00e3o muito grande. Abra\u00e7ou muito bem o projeto do FC Porto. As pessoas \u00e0s vezes esquecem-se. Ele saiu do Vit\u00f3ria SC para uma Juventus e n\u00e3o jogou, praticamente. Ele sai da Juventus e vai para o FC Porto e as pessoas pensam que \u00e9 descer um degrau. Ele conseguiu impor-se e mostrar a sua qualidade\u00bb.<\/p>\n<p>Podes ler a <a href=\"https:\/\/bolanarede.pt\/especial-bola-na-rede\/entrevista-bnr\/o-que-mais-me-orgulha-e-ter-35-anos-e-conseguir-manter-o-nivel-fisico-ser-consistente-entrevista-bola-na-rede-a-ivo-pinto\/\" target=\"_blank\" rel=\"noreferrer noopener nofollow\">entrevista completa<\/a> a Ivo Pinto. <\/p>\n","protected":false},"excerpt":{"rendered":"&#8211; Advertisement &#8211; Ivo Pinto deixou elogios a Alberto Costa, lateral direito que refor\u00e7ou o FC Porto no&hellip;\n","protected":false},"author":2,"featured_media":208816,"comment_status":"","ping_status":"","sticky":false,"template":"","format":"standard","meta":{"footnotes":""},"categories":[87],"tags":[580,18527,260,135,282,41067,32,479,33,134],"class_list":{"0":"post-208815","1":"post","2":"type-post","3":"status-publish","4":"format-standard","5":"has-post-thumbnail","7":"category-desporto","8":"tag-alberto-costa","9":"tag-amar-dedic","10":"tag-atualidade","11":"tag-desporto","12":"tag-fc-porto","13":"tag-ivo-pinto","14":"tag-portugal","15":"tag-primeira-liga","16":"tag-pt","17":"tag-sports"},"share_on_mastodon":{"url":"https:\/\/pubeurope.com\/@pt\/115811946532431126","error":""},"_links":{"self":[{"href":"https:\/\/www.europesays.com\/pt\/wp-json\/wp\/v2\/posts\/208815","targetHints":{"allow":["GET"]}}],"collection":[{"href":"https:\/\/www.europesays.com\/pt\/wp-json\/wp\/v2\/posts"}],"about":[{"href":"https:\/\/www.europesays.com\/pt\/wp-json\/wp\/v2\/types\/post"}],"author":[{"embeddable":true,"href":"https:\/\/www.europesays.com\/pt\/wp-json\/wp\/v2\/users\/2"}],"replies":[{"embeddable":true,"href":"https:\/\/www.europesays.com\/pt\/wp-json\/wp\/v2\/comments?post=208815"}],"version-history":[{"count":0,"href":"https:\/\/www.europesays.com\/pt\/wp-json\/wp\/v2\/posts\/208815\/revisions"}],"wp:featuredmedia":[{"embeddable":true,"href":"https:\/\/www.europesays.com\/pt\/wp-json\/wp\/v2\/media\/208816"}],"wp:attachment":[{"href":"https:\/\/www.europesays.com\/pt\/wp-json\/wp\/v2\/media?parent=208815"}],"wp:term":[{"taxonomy":"category","embeddable":true,"href":"https:\/\/www.europesays.com\/pt\/wp-json\/wp\/v2\/categories?post=208815"},{"taxonomy":"post_tag","embeddable":true,"href":"https:\/\/www.europesays.com\/pt\/wp-json\/wp\/v2\/tags?post=208815"}],"curies":[{"name":"wp","href":"https:\/\/api.w.org\/{rel}","templated":true}]}}