{"id":208817,"date":"2025-12-31T03:07:11","date_gmt":"2025-12-31T03:07:11","guid":{"rendered":"https:\/\/www.europesays.com\/pt\/208817\/"},"modified":"2025-12-31T03:07:11","modified_gmt":"2025-12-31T03:07:11","slug":"triste-encerrar-este-capitulo-de-nossas-vidas","status":"publish","type":"post","link":"https:\/\/www.europesays.com\/pt\/208817\/","title":{"rendered":"&#8216;Triste encerrar este cap\u00edtulo de nossas vidas&#8217;"},"content":{"rendered":"<p>\n                        O casal estava junto desde 2014 e tem um filho de 8 anos\n                    <\/p>\n<p class=\"text\"><b>Mel Gibson<\/b>, 69 anos, e <b>Rosalind Ross<\/b>, 35, anunciaram a separa\u00e7\u00e3o ap\u00f3s 9 anos juntos, em comunicado enviado \u00e0 revista People. O ator e a roteirista s\u00e3o pais de Lars, de 8 anos. Segundo a publica\u00e7\u00e3o, eles se separaram discretamente h\u00e1 cerca de um ano.<\/p>\n<p class=\"text\">&#8220;Embora seja triste encerrar este cap\u00edtulo de nossas vidas, somos aben\u00e7oados com um filho lindo e continuaremos sendo os melhores pais poss\u00edveis&#8221;, afirmaram Gibson e Rosalind na declara\u00e7\u00e3o conjunta.<\/p>\n<p class=\"text\">Eles se conheceram em 2014, por meio de amigos em comum, e logo come\u00e7aram a namorar. Lars nasceu em 2017.<\/p>\n<p><img loading=\"lazy\" decoding=\"async\" alt=\"O ator e diretor Mel Gibson em 'Heran\u00e7a de Sangue', de 2016.\" class=\"img-e661b72fad84e89d999dc9cb42ab480f6onzz2bk\" height=\"322\" src=\"https:\/\/www.europesays.com\/pt\/wp-content\/uploads\/2025\/12\/433658548-poqnaprkxfgmngnaalmukahnwa.jpeg\"  title=\"O ator e diretor Mel Gibson em 'Heran\u00e7a de Sangue', de 2016.\" width=\"774\"\/><\/p>\n<p>O ator e diretor Mel Gibson em &#8216;Heran\u00e7a de Sangue&#8217;, de 2016.<\/p>\n<p>Foto: Divulga\u00e7\u00e3o\/California Filmes \/ Estad\u00e3o<\/p>\n<p class=\"text\">O ator tem mais oito filhos. Com a ex-mulher, Robyn Moore, com quem foi casado por 30 anos, teve sete rapazes e uma menina. Ele tamb\u00e9m teve uma filha de 16 anos com a pianista russa Oksana Grigorieva, de quem se separou em 2010.<\/p>\n<p class=\"text\">Rosalind e Gibson trabalharam juntos em Luta pela F\u00e9: A Hist\u00f3ria do Padre Stu, filme de 2022 escrito e dirigido por ela, com Gibson no elenco.<\/p>\n","protected":false},"excerpt":{"rendered":"O casal estava junto desde 2014 e tem um filho de 8 anos Mel Gibson, 69 anos, e&hellip;\n","protected":false},"author":2,"featured_media":208818,"comment_status":"","ping_status":"","sticky":false,"template":"","format":"standard","meta":{"footnotes":""},"categories":[145],"tags":[211,210,1979,114,115,41068,32,33],"class_list":{"0":"post-208817","1":"post","2":"type-post","3":"status-publish","4":"format-standard","5":"has-post-thumbnail","7":"category-celebridades","8":"tag-celebridades","9":"tag-celebrities","10":"tag-divorcio","11":"tag-entertainment","12":"tag-entretenimento","13":"tag-mel-gibson","14":"tag-portugal","15":"tag-pt"},"share_on_mastodon":{"url":"https:\/\/pubeurope.com\/@pt\/115811977943895935","error":""},"_links":{"self":[{"href":"https:\/\/www.europesays.com\/pt\/wp-json\/wp\/v2\/posts\/208817","targetHints":{"allow":["GET"]}}],"collection":[{"href":"https:\/\/www.europesays.com\/pt\/wp-json\/wp\/v2\/posts"}],"about":[{"href":"https:\/\/www.europesays.com\/pt\/wp-json\/wp\/v2\/types\/post"}],"author":[{"embeddable":true,"href":"https:\/\/www.europesays.com\/pt\/wp-json\/wp\/v2\/users\/2"}],"replies":[{"embeddable":true,"href":"https:\/\/www.europesays.com\/pt\/wp-json\/wp\/v2\/comments?post=208817"}],"version-history":[{"count":0,"href":"https:\/\/www.europesays.com\/pt\/wp-json\/wp\/v2\/posts\/208817\/revisions"}],"wp:featuredmedia":[{"embeddable":true,"href":"https:\/\/www.europesays.com\/pt\/wp-json\/wp\/v2\/media\/208818"}],"wp:attachment":[{"href":"https:\/\/www.europesays.com\/pt\/wp-json\/wp\/v2\/media?parent=208817"}],"wp:term":[{"taxonomy":"category","embeddable":true,"href":"https:\/\/www.europesays.com\/pt\/wp-json\/wp\/v2\/categories?post=208817"},{"taxonomy":"post_tag","embeddable":true,"href":"https:\/\/www.europesays.com\/pt\/wp-json\/wp\/v2\/tags?post=208817"}],"curies":[{"name":"wp","href":"https:\/\/api.w.org\/{rel}","templated":true}]}}