{"id":208823,"date":"2025-12-31T03:21:13","date_gmt":"2025-12-31T03:21:13","guid":{"rendered":"https:\/\/www.europesays.com\/pt\/208823\/"},"modified":"2025-12-31T03:21:13","modified_gmt":"2025-12-31T03:21:13","slug":"ex-astro-mirim-da-nickelodeon-e-visto-vivendo-nas-ruas-midianews","status":"publish","type":"post","link":"https:\/\/www.europesays.com\/pt\/208823\/","title":{"rendered":"Ex-astro mirim da Nickelodeon \u00e9 visto vivendo nas ruas &#8211; MidiaNews"},"content":{"rendered":"<ol>\n<li><a href=\"https:\/\/news.google.com\/rss\/articles\/CBMiowFBVV95cUxQSUp1RWgtcWxyT21lZXVka0dfSDdrUHVQSklHdl9FaWlsZ00xeFRpWk5hMVdERUtQazZqb2lfQl9YRUZqdlJxZ0F1VE9TN3h5Yk1HZlZmeHRvYVltSjhLcUhqSVZoRTQ5QXBqaUdwWkRsRkREcTdFS28yMUE3dU9jYzZqNUNtM2ozeFItZjREYmdQWGhvcmhhNDZJejFGXzZManBN?oc=5\" target=\"_blank\" rel=\"nofollow noopener\">Ex-astro mirim da Nickelodeon \u00e9 visto vivendo nas ruas<\/a>&nbsp;&nbsp;MidiaNews<\/li>\n<li><a href=\"https:\/\/news.google.com\/rss\/articles\/CBMihwJBVV95cUxPejZQQmFpWmNtQTVqdTN5RGkzdkxpNmo3b2NqMW5VemNnaXdqWEVOQ24wbklXdGZrRE8yMXpZUk8xSFNxOTdtYXloUXVycmM0Y214TFRyNjhKRi1nUXJsT1RpWGZmMzBoLWtsWlpEUTBDdXIxUXNleGpBemE2VWVJM1F0Y2pJUV9fWjUtVmt0VThYQVNuOFdkSkpyVzdTbDIyTWVDcWhCWmYtOUgxcnRKQ2RfYjlSRGR3MWlIbWtEWjFJTjYzb1o1cjBnQy1wcXJKalVCNzdLRnlFNldkRVZGZWpHV1NxM2FWMUZ0QWY5ZnJINXVIRGRRUllud2x5a2xrcVpVUUREc9IBlgJBVV95cUxNUTRabkZMdkNkZ3ZHYTgyek0tR19LbUlweFVRdTZidzlDczdKSDEta3ZqZzFyMTMxLWFyaGlHaG1sakpFQzRZNExoRms5MHBPeGpDOXpzekV1R3FnYVFReDNoWGpsRFRCRm4zWUtndjg4cm5vVVM3cUVncmhNeDRXMGVRekdhZ0dsM0dXQ2YtajJ1bXJoOHVyZlpxMG5BQVVFcmxkNmt2cXhJTm1SMU5WS0lTX28zclVlZzlINS1IQk9XdUFNYW9YN3pRNTlnRlJ5SXhmMFVMSGc3cnRpMGt5ZmN1cDZsREYwVEY3cGk5a1NiWkoxcEF4WXJjdVVvcFJKdzBYQnNHOXo0aXJ2NXJjRHd1Ri1MQQ?oc=5\" target=\"_blank\" rel=\"nofollow noopener\">Ex-astro mirim encontrado em situa\u00e7\u00e3o de rua deixou cl\u00ednica no meio da noite e recusou ajuda novamente, revela ator<\/a>&nbsp;&nbsp;Globo<\/li>\n<li><a href=\"https:\/\/news.google.com\/rss\/articles\/CBMiuwFBVV95cUxPbnl4LUtMZFFmdUEzMDEwU3hJT1hLVGtOR3BQTVluald2Rm5zU01fRnF6c1g5SGRjWDBOdXRKbmlKOEJ4UjYtSUxLLUVXVE9BSXZzajR6eHlLMDZaSlBpYkI0QjlQcFVpYlZWV3pjMVY2WmlsYXIwNVhjcEU5aHJiSHB5SEt1UHVLdjg0Ul9hTTFjZDhSUmNfWS1sZ0Y1ZnB1RnVQZHZmOG9URFNLYTZDV0s1UElZTW1aUlVr?oc=5\" target=\"_blank\" rel=\"nofollow noopener\">Ex-astro da Nickelodeon em situa\u00e7\u00e3o de rua surpreende ap\u00f3s ajuda de amigos<\/a>&nbsp;&nbsp;CNN Brasil<\/li>\n<li><a href=\"https:\/\/news.google.com\/rss\/articles\/CBMikgJBVV95cUxOY1FxOFlkc0tPZ0k5YW9IV2dYc3dQZVVHSHhHNlFzMFBwRzNqWE9FdnFTRWRVcHJDUWZRcnJJa1JQdlZTNkt3ZDVnQ1ZoNUptbVRFcTRjRUdCR3BiX3FBWDRnT3dSYWZpN2M5NmxzRlFVblRFQnRFb25rMzBCTVdzOGYwTy11M0swZEd3ai1hVWJTMUFyaEVGVWFuWmFHb2VuLTZudmxKM3g0bElCZzJwdlZZclU0U3ZXaGdyQlRsTmFXODJWZGJsUERHVXNscGJQZUF5YW5WZmJldXBSUzVEUFVaVnd6VWV0Y1RvaWtRUjdPdkRQLVp3X2daWEtUT19oTVJ1RFA3TzREdW5KR1cwSld3?oc=5\" target=\"_blank\" rel=\"nofollow noopener\">Ex-astro mirim volta \u00e0s ruas ap\u00f3s ser liberado de cl\u00ednica de reabilita\u00e7\u00e3o no meio da noite nos EUA<\/a>&nbsp;&nbsp;Terra<\/li>\n<li><a href=\"https:\/\/news.google.com\/rss\/articles\/CBMirwFBVV95cUxQZ0wxSGZ0d0h5Z0hXd1FHM051cjlRTHczcGxoQWpXcG55N1B1Mnc0OUFoSkdscUNoX1pUaENqaFZPYXc0NTZnSV9DNXNnMzI1eUpxYUZWNnpCbmFxRG1yYVRuVHRTekoycFdRUXVLdF9ZajVBWWRjV1lleXpOUDFqUDRTOHdVT2V2c1dGTjlfblNNRzQtVVJfVTdpcWxCZlVGV1FuLUQ3R1MwNmFaNFdB?oc=5\" target=\"_blank\" rel=\"nofollow noopener\">Ap\u00f3s interna\u00e7\u00e3o, ex-ator mirim volta a ser visto dormindo nas ruas<\/a>&nbsp;&nbsp;VEJA<\/li>\n<\/ol>\n","protected":false},"excerpt":{"rendered":"Ex-astro mirim da Nickelodeon \u00e9 visto vivendo nas ruas&nbsp;&nbsp;MidiaNews Ex-astro mirim encontrado em situa\u00e7\u00e3o de rua deixou cl\u00ednica&hellip;\n","protected":false},"author":2,"featured_media":208824,"comment_status":"","ping_status":"","sticky":false,"template":"","format":"standard","meta":{"footnotes":""},"categories":[145],"tags":[211,210,114,115,3724,3723,32,33,3725],"class_list":{"0":"post-208823","1":"post","2":"type-post","3":"status-publish","4":"format-standard","5":"has-post-thumbnail","7":"category-celebridades","8":"tag-celebridades","9":"tag-celebrities","10":"tag-entertainment","11":"tag-entretenimento","12":"tag-noticias-da-capital","13":"tag-noticias-de-cuiaba","14":"tag-portugal","15":"tag-pt","16":"tag-urgente-cuiaba"},"share_on_mastodon":{"url":"https:\/\/pubeurope.com\/@pt\/115812032966843134","error":""},"_links":{"self":[{"href":"https:\/\/www.europesays.com\/pt\/wp-json\/wp\/v2\/posts\/208823","targetHints":{"allow":["GET"]}}],"collection":[{"href":"https:\/\/www.europesays.com\/pt\/wp-json\/wp\/v2\/posts"}],"about":[{"href":"https:\/\/www.europesays.com\/pt\/wp-json\/wp\/v2\/types\/post"}],"author":[{"embeddable":true,"href":"https:\/\/www.europesays.com\/pt\/wp-json\/wp\/v2\/users\/2"}],"replies":[{"embeddable":true,"href":"https:\/\/www.europesays.com\/pt\/wp-json\/wp\/v2\/comments?post=208823"}],"version-history":[{"count":0,"href":"https:\/\/www.europesays.com\/pt\/wp-json\/wp\/v2\/posts\/208823\/revisions"}],"wp:featuredmedia":[{"embeddable":true,"href":"https:\/\/www.europesays.com\/pt\/wp-json\/wp\/v2\/media\/208824"}],"wp:attachment":[{"href":"https:\/\/www.europesays.com\/pt\/wp-json\/wp\/v2\/media?parent=208823"}],"wp:term":[{"taxonomy":"category","embeddable":true,"href":"https:\/\/www.europesays.com\/pt\/wp-json\/wp\/v2\/categories?post=208823"},{"taxonomy":"post_tag","embeddable":true,"href":"https:\/\/www.europesays.com\/pt\/wp-json\/wp\/v2\/tags?post=208823"}],"curies":[{"name":"wp","href":"https:\/\/api.w.org\/{rel}","templated":true}]}}