{"id":208831,"date":"2025-12-31T03:35:21","date_gmt":"2025-12-31T03:35:21","guid":{"rendered":"https:\/\/www.europesays.com\/pt\/208831\/"},"modified":"2025-12-31T03:35:21","modified_gmt":"2025-12-31T03:35:21","slug":"festa-reune-famosos-em-local-luxuoso-para-o-fim-de-ano-veja-fotos-exclusivas","status":"publish","type":"post","link":"https:\/\/www.europesays.com\/pt\/208831\/","title":{"rendered":"Festa re\u00fane famosos em local luxuoso para o fim de ano; veja fotos exclusivas"},"content":{"rendered":"<p>Trancoso, na Bahia, continua sendo o lugar preferido das celebridades para passar o <a href=\"https:\/\/caras.com.br\/tags\/ano-novo\" rel=\"nofollow noopener\" target=\"_blank\">Ano Novo<\/a>. Na \u00faltima segunda-feira, 29, a famosa festa <strong>Sarav\u00e1<\/strong> agitou a regi\u00e3o e reuniu muita gente conhecida em uma das noites mais esperadas deste ver\u00e3o.<\/p>\n<p>\t Como foi a festa? <\/p>\n<p>A festa aconteceu em um lugar com uma vista incr\u00edvel, em cima das fal\u00e9sias da praia do Taipe. Quem organiza o evento \u00e9 a Ag\u00eancia Haute, que j\u00e1 faz o R\u00e9veillon de Trancoso ser um sucesso h\u00e1 quase 20 anos. O clima foi de muita brasilidade, misturando m\u00fasica animada com exposi\u00e7\u00f5es de artesanato local.<\/p>\n<p> Quem estava l\u00e1? <\/p>\n<p>A noite foi cheia de estrelas e a <strong>CARAS Brasil<\/strong> traz todas as imagens exclusivas. A apresentadora <a href=\"https:\/\/caras.com.br\/tags\/luciana-gimenez\" rel=\"nofollow noopener\" target=\"_blank\"><strong>Luciana Gimenez<\/strong><\/a> aproveitou a festa e posou para fotos ao lado de <a href=\"https:\/\/www.google.com\/search?q=Ligia+Mendes+caras&amp;oq=Ligia+Mendes+caras&amp;gs_lcrp=EgZjaHJvbWUyBggAEEUYOTIGCAEQLhhA0gEIMTA1NWowajSoAgCwAgA&amp;sourceid=chrome&amp;ie=UTF-8\" rel=\"nofollow noopener\" target=\"_blank\"><strong>Ligia Mendes<\/strong><\/a>.<\/p>\n<p>Quem tamb\u00e9m curtiu a noite foi a atriz <a href=\"https:\/\/caras.com.br\/tags\/luma-costa\" rel=\"nofollow noopener\" target=\"_blank\"><strong>Luma Costa<\/strong><\/a> e o cantor <a href=\"https:\/\/caras.com.br\/tags\/rogerio-flausino\" rel=\"nofollow noopener\" target=\"_blank\"><strong>Rog\u00e9rio Flausino<\/strong><\/a> (do Jota Quest), que estava super animado.<\/p>\n<p><strong>Leia tamb\u00e9m<\/strong>: <a href=\"https:\/\/caras.com.br\/atualidades\/virginia-danca-com-angelica-e-luciano-huck-em-viagem-com-vini-jr.phtml\" rel=\"nofollow noopener\" target=\"_blank\">Virginia dan\u00e7a com Ang\u00e9lica e Luciano Huck em viagem com Vini Jr.<\/a><\/p>\n<p>A lista de convidados vips n\u00e3o parou por a\u00ed. <a href=\"https:\/\/caras.com.br\/tags\/adriane-galisteu\" rel=\"nofollow noopener\" target=\"_blank\"><strong>Adriane Galisteu<\/strong><\/a>, <a href=\"https:\/\/caras.com.br\/tags\/livia-andrade_1\" rel=\"nofollow noopener\" target=\"_blank\"><strong>Livia Andrade<\/strong><\/a> e o casal <a href=\"https:\/\/caras.com.br\/tags\/luciano-huck\" rel=\"nofollow noopener\" target=\"_blank\"><strong>Luciano Huck<\/strong><\/a> e <a href=\"https:\/\/caras.com.br\/tags\/angelica\" rel=\"nofollow noopener\" target=\"_blank\"><strong>Ang\u00e9lica<\/strong><\/a> tamb\u00e9m marcaram presen\u00e7a, mostrando que Trancoso \u00e9 mesmo o destino certo dos famosos para a virada do ano.<\/p>\n<p>Veja abaixo as fotos exclusivas da <strong>CARAS Brasil<\/strong> e confira os looks e a divers\u00e3o da noite:<\/p>\n<p> <img decoding=\"async\" src=\"https:\/\/www.europesays.com\/pt\/wp-content\/uploads\/2025\/12\/Angelica-e-Luciano-Huck-2-scaled.jpeg\" class=\"img-fluid lazy\"\/><\/p>\n<p>Ang\u00e9lica e Luciano Huck \u2013 Fotos: Iude Richele\/Nozy Content Agency\n<\/p>\n<p>    <img decoding=\"async\" src=\"https:\/\/www.europesays.com\/pt\/wp-content\/uploads\/2025\/12\/Luciana-Gimenez-e-Ligia-Mendes-2-scaled.jpg\" class=\"img-fluid lazy\"\/><\/p>\n<p>Luciana Gimenez e Ligia Mendes \u2013 Fotos: Iude Richele\/Nozy Content Agency\n<\/p>\n<p>    <img decoding=\"async\" src=\"https:\/\/www.europesays.com\/pt\/wp-content\/uploads\/2025\/12\/Adriane-Galisteu.jpeg\" class=\"img-fluid lazy\"\/><\/p>\n<p>Adriane Galisteu \u2013 Fotos: Iude Richele\/Nozy Content Agency\n<\/p>\n<p>    <img decoding=\"async\" src=\"https:\/\/www.europesays.com\/pt\/wp-content\/uploads\/2025\/12\/Livia-Andrade-3-scaled.jpeg\" class=\"img-fluid lazy\"\/><\/p>\n<p>Livia Andrade \u2013 Fotos: Iude Richele\/Nozy Content Agency\n<\/p>\n<p>    <img decoding=\"async\" src=\"https:\/\/www.europesays.com\/pt\/wp-content\/uploads\/2025\/12\/Luciana-Gimenez-e-Ligia-Mendes-scaled.jpg\" class=\"img-fluid lazy\"\/><\/p>\n<p>Luciana Gimenez e Ligia Mendes \u2013 Fotos: Iude Richele\/Nozy Content Agency\n<\/p>\n<p>    <img decoding=\"async\" src=\"https:\/\/www.europesays.com\/pt\/wp-content\/uploads\/2025\/12\/Rogerio-Flausino-2-scaled.jpg\" class=\"img-fluid lazy\"\/><\/p>\n<p>Rogerio Flausino \u2013 Fotos: Iude Richele\/Nozy Content Agency\n<\/p>\n<p>    <img decoding=\"async\" src=\"https:\/\/www.europesays.com\/pt\/wp-content\/uploads\/2025\/12\/Rogerio-Flausino-scaled.jpg\" class=\"img-fluid lazy\"\/><\/p>\n<p>Rogerio Flausino \u2013 Fotos: Iude Richele\/Nozy Content Agency\n<\/p>\n<p>    <img decoding=\"async\" src=\"https:\/\/www.europesays.com\/pt\/wp-content\/uploads\/2025\/12\/Luciana-Gimenez-scaled.jpg\" class=\"img-fluid lazy\"\/><\/p>\n<p>Luciana Gimenez \u2013 Fotos: Iude Richele\/Nozy Content Agency\n<\/p>\n<p>    <img decoding=\"async\" src=\"https:\/\/www.europesays.com\/pt\/wp-content\/uploads\/2025\/12\/Adriane-Galisteu-3.jpeg\" class=\"img-fluid lazy\"\/><\/p>\n<p>Adriane Galisteu \u2013 Fotos: Iude Richele\/Nozy Content Agency\n<\/p>\n<p>    <img decoding=\"async\" src=\"https:\/\/www.europesays.com\/pt\/wp-content\/uploads\/2025\/12\/Ligia-Mendes-scaled.jpg\" class=\"img-fluid lazy\"\/><\/p>\n<p>Ligia Mendes \u2013 Fotos: Iude Richele\/Nozy Content Agency\n<\/p>\n<p>    <img decoding=\"async\" src=\"https:\/\/www.europesays.com\/pt\/wp-content\/uploads\/2025\/12\/Dado-Ribeiro-e-Ligia-Mendes-scaled.jpg\" class=\"img-fluid lazy\"\/><\/p>\n<p>Dado Ribeiro e Ligia Mendes \u2013 Fotos: Iude Richele\/Nozy Content Agency\n<\/p>\n<p>    <img decoding=\"async\" src=\"https:\/\/www.europesays.com\/pt\/wp-content\/uploads\/2025\/12\/Livia-Andrade-2-scaled.jpeg\" class=\"img-fluid lazy\"\/><\/p>\n<p>Livia Andrade \u2013 Fotos: Iude Richele\/Nozy Content Agency\n<\/p>\n<p>    <img decoding=\"async\" src=\"https:\/\/www.europesays.com\/pt\/wp-content\/uploads\/2025\/12\/Luma-Costa-e-Leonardo-Martins-scaled.jpg\" class=\"img-fluid lazy\"\/><\/p>\n<p>Luma Costa e Leonardo Martins \u2013 Fotos: Iude Richele\/Nozy Content Agency\n<\/p>\n<p>    <img decoding=\"async\" src=\"https:\/\/www.europesays.com\/pt\/wp-content\/uploads\/2025\/12\/Natalia-Fusco-e-Bruno-Dias-scaled.jpg\" class=\"img-fluid lazy\"\/><\/p>\n<p>Natalia Fusco e Bruno Dias \u2013 Fotos: Iude Richele\/Nozy Content Agency<\/p>\n<p>    <img decoding=\"async\" src=\"https:\/\/www.europesays.com\/pt\/wp-content\/uploads\/2025\/12\/Angelica-scaled.jpeg\" class=\"img-fluid lazy\"\/><\/p>\n<p>Ang\u00e9lica \u2013 Fotos: Iude Richele\/Nozy Content Agency\n<\/p>\n<p>    <img decoding=\"async\" src=\"https:\/\/www.europesays.com\/pt\/wp-content\/uploads\/2025\/12\/Luma-Costa-scaled.jpg\" class=\"img-fluid lazy\"\/><\/p>\n<p>Luma Costa \u2013 Fotos: Iude Richele\/Nozy Content Agency\n<\/p>\n<p>    <img decoding=\"async\" src=\"https:\/\/www.europesays.com\/pt\/wp-content\/uploads\/2025\/12\/Luma-Costa-2-scaled.jpg\" class=\"img-fluid lazy\"\/><\/p>\n<p>Luma Costa \u2013 Fotos: Iude Richele\/Nozy Content Agency\n<\/p>\n<p>    <img decoding=\"async\" src=\"https:\/\/www.europesays.com\/pt\/wp-content\/uploads\/2025\/12\/Rogerio-Flausino-1-scaled.jpg\" class=\"img-fluid lazy\"\/><\/p>\n<p>Rogerio Flausino \u2013 Fotos: Iude Richele\/Nozy Content Agency\n<\/p>\n<p>    <img decoding=\"async\" src=\"https:\/\/www.europesays.com\/pt\/wp-content\/uploads\/2025\/12\/Sarah-Mattar-e-Tiago-Diniz.jpeg\" class=\"img-fluid lazy\"\/><\/p>\n<p>Sarah Mattar e Tiago Diniz \u2013 Fotos: Iude Richele\/Nozy Content Agency\n<\/p>\n<p>    <img decoding=\"async\" src=\"https:\/\/www.europesays.com\/pt\/wp-content\/uploads\/2025\/12\/Sarah-Mattar.jpeg\" class=\"img-fluid lazy\"\/><\/p>\n<p>Sarah Mattar \u2013 Fotos: Iude Richele\/Nozy Content Agency\n<\/p>\n<p>    <img decoding=\"async\" src=\"https:\/\/www.europesays.com\/pt\/wp-content\/uploads\/2025\/12\/Ana-Carolina-Bassi-scaled.jpeg\" class=\"img-fluid lazy\"\/><\/p>\n<p>Ana Carolina Bassi \u2013 Fotos: Iude Richele\/Nozy Content Agency\n<\/p>\n<p>    <img decoding=\"async\" src=\"https:\/\/www.europesays.com\/pt\/wp-content\/uploads\/2025\/12\/Angelica-e-Luciano-Huck-scaled.jpeg\" class=\"img-fluid lazy\"\/><\/p>\n<p>Ang\u00e9lica e Luciano Huck \u2013 Fotos: Iude Richele\/Nozy Content Agency\n<\/p>\n<p>    <img decoding=\"async\" src=\"https:\/\/www.europesays.com\/pt\/wp-content\/uploads\/2025\/12\/Fiorella-Matheis-scaled.jpeg\" class=\"img-fluid lazy\"\/><\/p>\n<p>Fiorella Matheis \u2013 Fotos: Iude Richele\/Nozy Content Agency\n<\/p>\n<p>    <img decoding=\"async\" src=\"https:\/\/www.europesays.com\/pt\/wp-content\/uploads\/2025\/12\/Julia-Norremose-scaled.jpeg\" class=\"img-fluid lazy\"\/><\/p>\n<p>Julia Norremose \u2013 Fotos: Iude Richele\/Nozy Content Agency\n<\/p>\n<p>    <img decoding=\"async\" src=\"https:\/\/www.europesays.com\/pt\/wp-content\/uploads\/2025\/12\/Thassia-Naves-scaled.jpeg\" class=\"img-fluid lazy\"\/><\/p>\n<p>Thassia Naves \u2013 Fotos: Iude Richele\/Nozy Content Agency\n<\/p>\n<p>    <img decoding=\"async\" src=\"https:\/\/www.europesays.com\/pt\/wp-content\/uploads\/2025\/12\/Ana-Carolina-Bassi-2-scaled.jpeg\" class=\"img-fluid lazy\"\/><\/p>\n<p>Ana Carolina Bassi \u2013 Fotos: Iude Richele\/Nozy Content Agency\n<\/p>\n<p>    <img decoding=\"async\" src=\"https:\/\/www.europesays.com\/pt\/wp-content\/uploads\/2025\/12\/Ana-Carolina-Bassi-e-familia-scaled.jpeg\" class=\"img-fluid lazy\"\/><\/p>\n<p>Ana Carolina Bassi e fam\u00edlia \u2013 Fotos: Iude Richele\/Nozy Content Agency\n<\/p>\n<p>    <img decoding=\"async\" src=\"https:\/\/www.europesays.com\/pt\/wp-content\/uploads\/2025\/12\/Julia-Norremose-2-scaled.jpeg\" class=\"img-fluid lazy\"\/><\/p>\n<p>Julia Norremose \u2013 Fotos: Iude Richele\/Nozy Content Agency\n<\/p>\n<p>    <img decoding=\"async\" src=\"https:\/\/www.europesays.com\/pt\/wp-content\/uploads\/2025\/12\/Livia-Andrade-scaled.jpeg\" class=\"img-fluid lazy\"\/><\/p>\n<p>Livia Andrade \u2013 Fotos: Iude Richele\/Nozy Content Agency\n<\/p>\n<p>    <img decoding=\"async\" src=\"https:\/\/www.europesays.com\/pt\/wp-content\/uploads\/2025\/12\/Tatti-Pilao-scaled.jpeg\" class=\"img-fluid lazy\"\/><\/p>\n<p>Tatti Pilao \u2013 Fotos: Iude Richele\/Nozy Content Agency\n<\/p>\n<p>    <img decoding=\"async\" src=\"https:\/\/www.europesays.com\/pt\/wp-content\/uploads\/2025\/12\/Thassia-Naves-2-scaled.jpeg\" class=\"img-fluid lazy\"\/><\/p>\n<p>Thassia Naves \u2013 Fotos: Iude Richele\/Nozy Content Agency\n<\/p>\n<p>    <img decoding=\"async\" src=\"https:\/\/www.europesays.com\/pt\/wp-content\/uploads\/2025\/12\/IUDE8390-scaled.jpeg\" class=\"img-fluid lazy\"\/><\/p>\n<p>Fotos: Iude Richele\/Nozy Content Agency\n<\/p>\n<p>                        Previous<\/p>\n<p>                        Next<\/p>\n<p>\u00a0<\/p>\n<p><strong>CONFIRA PUBLICA\u00c7\u00c3O RECENTE DA CARAS BRASIL NAS\u00a0<a href=\"https:\/\/www.instagram.com\/carasbrasil\/\" rel=\"nofollow noopener\" target=\"_blank\">REDES SOCIAIS:<\/a><\/strong><\/p>\n<blockquote class=\"instagram-media\" style=\"background: #FFF; border: 0; border-radius: 3px; box-shadow: 0 0 1px 0 rgba(0,0,0,0.5),0 1px 10px 0 rgba(0,0,0,0.15); margin: 1px; max-width: 540px; min-width: 326px; padding: 0; width: calc(100% - 2px);\" data-instgrm-permalink=\"https:\/\/www.instagram.com\/p\/DSshqJqkqZX\/?utm_source=ig_embed&amp;utm_campaign=loading\" data-instgrm-version=\"14\"><\/blockquote>\n<p>        <a href=\"https:\/\/caras.com.br\/autor\/gabriela-cunha\" rel=\"nofollow noopener\" target=\"_blank\">&#13;<br \/>\n          <img loading=\"lazy\" alt=\"Gabriela Cunha\" src=\"https:\/\/www.europesays.com\/pt\/wp-content\/uploads\/2025\/12\/33851544c4281386abbb6d5018d2c5b6d6eba8c7bd770ad253be76a6a4a0a488.png\"  class=\"avatar avatar-115 photo rounded-circle mr-3\" height=\"115\" width=\"115\" decoding=\"async\"\/>        <\/a><\/p>\n<p><strong>GABRIELA CUNHA<\/strong> \u00e9 jornalista graduada pela Universidade Presbiteriana Mackenzie (UPM). Especialista em entretenimento, atua na cobertura editorial de televis\u00e3o, celebridades e comportamento, com foco em not\u00edcias e an\u00e1lises<\/p>\n<p>\t                                            <script async src=\"\/\/www.instagram.com\/embed.js\"><\/script><\/p>\n","protected":false},"excerpt":{"rendered":"Trancoso, na Bahia, continua sendo o lugar preferido das celebridades para passar o Ano Novo. Na \u00faltima segunda-feira,&hellip;\n","protected":false},"author":2,"featured_media":208832,"comment_status":"","ping_status":"","sticky":false,"template":"","format":"standard","meta":{"footnotes":""},"categories":[145],"tags":[3433,13885,211,210,114,115,41069,19050,1854,2815,41070,32,33,41071],"class_list":{"0":"post-208831","1":"post","2":"type-post","3":"status-publish","4":"format-standard","5":"has-post-thumbnail","7":"category-celebridades","8":"tag-adriane-galisteu","9":"tag-angelica","10":"tag-celebridades","11":"tag-celebrities","12":"tag-entertainment","13":"tag-entretenimento","14":"tag-ligia-mendes","15":"tag-livia-andrade","16":"tag-luciana-gimenez","17":"tag-luciano-huck","18":"tag-luma-costa","19":"tag-portugal","20":"tag-pt","21":"tag-rogerio-flausino"},"share_on_mastodon":{"url":"https:\/\/pubeurope.com\/@pt\/115812088532537969","error":""},"_links":{"self":[{"href":"https:\/\/www.europesays.com\/pt\/wp-json\/wp\/v2\/posts\/208831","targetHints":{"allow":["GET"]}}],"collection":[{"href":"https:\/\/www.europesays.com\/pt\/wp-json\/wp\/v2\/posts"}],"about":[{"href":"https:\/\/www.europesays.com\/pt\/wp-json\/wp\/v2\/types\/post"}],"author":[{"embeddable":true,"href":"https:\/\/www.europesays.com\/pt\/wp-json\/wp\/v2\/users\/2"}],"replies":[{"embeddable":true,"href":"https:\/\/www.europesays.com\/pt\/wp-json\/wp\/v2\/comments?post=208831"}],"version-history":[{"count":0,"href":"https:\/\/www.europesays.com\/pt\/wp-json\/wp\/v2\/posts\/208831\/revisions"}],"wp:featuredmedia":[{"embeddable":true,"href":"https:\/\/www.europesays.com\/pt\/wp-json\/wp\/v2\/media\/208832"}],"wp:attachment":[{"href":"https:\/\/www.europesays.com\/pt\/wp-json\/wp\/v2\/media?parent=208831"}],"wp:term":[{"taxonomy":"category","embeddable":true,"href":"https:\/\/www.europesays.com\/pt\/wp-json\/wp\/v2\/categories?post=208831"},{"taxonomy":"post_tag","embeddable":true,"href":"https:\/\/www.europesays.com\/pt\/wp-json\/wp\/v2\/tags?post=208831"}],"curies":[{"name":"wp","href":"https:\/\/api.w.org\/{rel}","templated":true}]}}