{"id":208841,"date":"2025-12-31T03:55:19","date_gmt":"2025-12-31T03:55:19","guid":{"rendered":"https:\/\/www.europesays.com\/pt\/208841\/"},"modified":"2025-12-31T03:55:19","modified_gmt":"2025-12-31T03:55:19","slug":"al-hilal-toma-decisao-em-relacao-ao-futuro-de-ruben-neves-e-de-joao-cancelo","status":"publish","type":"post","link":"https:\/\/www.europesays.com\/pt\/208841\/","title":{"rendered":"Al Hilal toma decis\u00e3o em rela\u00e7\u00e3o ao futuro de R\u00faben Neves e de Jo\u00e3o Cancelo"},"content":{"rendered":"<p>&#8211; Advertisement &#8211;<\/p>\n<p><strong>O Al Hilal est\u00e1 dispon\u00edvel para transferir R\u00faben Neves e Jo\u00e3o Cancelo j\u00e1 no mercado de janeiro. Os dois portugueses n\u00e3o fazem parte das op\u00e7\u00f5es priorit\u00e1rias de Simone Inzaghi.<\/strong><\/p>\n<p>Jo\u00e3o Cancelo e R\u00faben Neves podem vir a trocar de clube j\u00e1 no mercado de janeiro. Segundo o di\u00e1rio saudita Ariyadhiah, o Al Hilal est\u00e1 dispon\u00edvel para escutar ofertas pelos dois portugueses no plantel e a sua continuidade na equipa de Simone Inzaghi n\u00e3o est\u00e1 garantida.<\/p>\n<p>Quanto a R\u00faben Neves, est\u00e1 em final de contrato com o Al Hilal e o clube da Ar\u00e1bia Saudita j\u00e1 entendeu que n\u00e3o conseguir\u00e1 renovar o contrato do m\u00e9dio portugu\u00eas<a href=\"https:\/\/bolanarede.pt\/especial-bola-na-rede\/atualidade\/ruben-neves-apontado-a-novo-tubarao-europeu\/\" target=\"_blank\" rel=\"noreferrer noopener nofollow\"> face aos v\u00e1rios interessados<\/a> na sua contrata\u00e7\u00e3o. Desta forma, a transfer\u00eancia de R\u00faben Neves pode ser uma realidade j\u00e1 nas pr\u00f3ximas semanas. <\/p>\n<p>J\u00e1 Jo\u00e3o Cancelo est\u00e1 tamb\u00e9m na porta de sa\u00edda, depois de ter tido praticamente a confirma\u00e7\u00e3o de que <a href=\"https:\/\/bolanarede.pt\/especial-bola-na-rede\/atualidade\/joao-cancelo-com-futuro-definido-no-al-hilal-e-noticias-nao-sao-positivas\/\" target=\"_blank\" rel=\"noreferrer noopener nofollow\">n\u00e3o ser\u00e1 inscrito pelo Al Hilal <\/a>no campeonato da Ar\u00e1bia Saudita. O lateral de 31 anos tem contrato at\u00e9 junho de 2027.<\/p>\n","protected":false},"excerpt":{"rendered":"&#8211; Advertisement &#8211; O Al Hilal est\u00e1 dispon\u00edvel para transferir R\u00faben Neves e Jo\u00e3o Cancelo j\u00e1 no mercado&hellip;\n","protected":false},"author":2,"featured_media":208842,"comment_status":"","ping_status":"","sticky":false,"template":"","format":"standard","meta":{"footnotes":""},"categories":[87],"tags":[5406,260,135,21168,15486,32,33,4650,134],"class_list":{"0":"post-208841","1":"post","2":"type-post","3":"status-publish","4":"format-standard","5":"has-post-thumbnail","7":"category-desporto","8":"tag-al-hilal","9":"tag-atualidade","10":"tag-desporto","11":"tag-joao-cancelo","12":"tag-liga-arabia-saudita","13":"tag-portugal","14":"tag-pt","15":"tag-ruben-neves","16":"tag-sports"},"share_on_mastodon":{"url":"https:\/\/pubeurope.com\/@pt\/115812167227528477","error":""},"_links":{"self":[{"href":"https:\/\/www.europesays.com\/pt\/wp-json\/wp\/v2\/posts\/208841","targetHints":{"allow":["GET"]}}],"collection":[{"href":"https:\/\/www.europesays.com\/pt\/wp-json\/wp\/v2\/posts"}],"about":[{"href":"https:\/\/www.europesays.com\/pt\/wp-json\/wp\/v2\/types\/post"}],"author":[{"embeddable":true,"href":"https:\/\/www.europesays.com\/pt\/wp-json\/wp\/v2\/users\/2"}],"replies":[{"embeddable":true,"href":"https:\/\/www.europesays.com\/pt\/wp-json\/wp\/v2\/comments?post=208841"}],"version-history":[{"count":0,"href":"https:\/\/www.europesays.com\/pt\/wp-json\/wp\/v2\/posts\/208841\/revisions"}],"wp:featuredmedia":[{"embeddable":true,"href":"https:\/\/www.europesays.com\/pt\/wp-json\/wp\/v2\/media\/208842"}],"wp:attachment":[{"href":"https:\/\/www.europesays.com\/pt\/wp-json\/wp\/v2\/media?parent=208841"}],"wp:term":[{"taxonomy":"category","embeddable":true,"href":"https:\/\/www.europesays.com\/pt\/wp-json\/wp\/v2\/categories?post=208841"},{"taxonomy":"post_tag","embeddable":true,"href":"https:\/\/www.europesays.com\/pt\/wp-json\/wp\/v2\/tags?post=208841"}],"curies":[{"name":"wp","href":"https:\/\/api.w.org\/{rel}","templated":true}]}}