{"id":208845,"date":"2025-12-31T04:01:08","date_gmt":"2025-12-31T04:01:08","guid":{"rendered":"https:\/\/www.europesays.com\/pt\/208845\/"},"modified":"2025-12-31T04:01:08","modified_gmt":"2025-12-31T04:01:08","slug":"bruxelas-vai-pedir-mais-detalhes-a-portugal-sobre-suspensao-do-controlo-de-fronteiras-no-aeroporto-de-lisboa-empresas","status":"publish","type":"post","link":"https:\/\/www.europesays.com\/pt\/208845\/","title":{"rendered":"Bruxelas vai pedir &#8220;mais detalhes&#8221; a Portugal sobre suspens\u00e3o do controlo de fronteiras no aeroporto de Lisboa &#8211; Empresas"},"content":{"rendered":"<p class=\"\">&#13;<br \/>\n        A Comiss\u00e3o Europeia disse\u00a0que vai pedir &#8220;mais detalhes&#8221; \u00e0s autoridades portuguesas sobre a suspens\u00e3o do\u00a0sistema europeu de controlo de fronteiras para cidad\u00e3os extracomunit\u00e1rios, mas revelou que a decis\u00e3o \u00e9 alheia a problemas com a implementa\u00e7\u00e3o deste sistema.&#13;\n    <\/p>\n<p class=\"\">&#13;<br \/>\n        &#8220;Vamos contactar as autoridades portuguesas para pedir mais detalhes sobre os planos que t\u00eam&#8221;, disse \u00e0 Lusa a porta-voz da Comiss\u00e3o Europeia Arianna Podesta.&#13;\n    <\/p>\n<p class=\"\">&#13;<br \/>\n        A porta-voz do executivo comunit\u00e1rio revelou que a decis\u00e3o de suspender\u00a0o sistema europeu de controlo de fronteiras &#8220;n\u00e3o est\u00e1 relacionada com quaisquer problemas com o sistema de entrada e sa\u00eddas&#8221; do territ\u00f3rio da Uni\u00e3o Europeia (UE).&#13;\n    <\/p>\n<p class=\"\">&#13;<br \/>\n        O Governo indicou \u00e0 Comiss\u00e3o Europeia que a suspens\u00e3o do sistema de controlo fronteiri\u00e7o para cidad\u00e3os extrecomunit\u00e1rios visa &#8220;acomodar um trabalho de reestrutura\u00e7\u00e3o&#8221; no aeroporto Humberto Delgado, em Lisboa &#8211; o principal do pa\u00eds.&#13;\n    <\/p>\n<p class=\"\">&#13;<br \/>\n        O sistema europeu de controlo de fronteiras para cidad\u00e3os extracomunit\u00e1rios vai ser suspenso por tr\u00eas meses no aeroporto de Lisboa, infraestrutura que vai ser refor\u00e7ada &#8220;de imediato&#8221; com militares da GNR, anunciou hoje o Minist\u00e9rio da Administra\u00e7\u00e3o Interna.&#13;\n    <\/p>\n<p class=\"\">&#13;<br \/>\n        Em comunicado, o Governo justifica o refor\u00e7o de medidas de conting\u00eancia no Aeroporto Humberto Delgado, em Lisboa, com &#8220;o agravamento dos constrangimentos na zona de chegadas&#8221; de passageiros n\u00e3o-europeus provenientes de fora do espa\u00e7o Schengen devido \u00e0 evolu\u00e7\u00e3o do novo Sistema de Entrada\/Sa\u00edda (EES) da Uni\u00e3o Europeia.&#13;\n    <\/p>\n<p class=\"\">&#13;<br \/>\n        &#8220;Considerando a necessidade de implementar e refor\u00e7ar as medidas de conting\u00eancia definidas em setembro para que seja poss\u00edvel alcan\u00e7ar na zona de chegadas a redu\u00e7\u00e3o dos tempos j\u00e1 conseguida na zona de partidas&#8221;, o Governo determinou &#8220;a suspens\u00e3o imediata por tr\u00eas meses da aplica\u00e7\u00e3o do sistema inform\u00e1tico EES, ao abrigo dos regulamentos europeus&#8221; no aeroporto de Lisboa, refere o Minist\u00e9rio da Administra\u00e7\u00e3o Interna (MAI).&#13;\n    <\/p>\n<p class=\"\">&#13;<br \/>\n        O MAI avan\u00e7a que ser\u00e1 tamb\u00e9m feito um &#8220;refor\u00e7o imediato&#8221; de militares da Guarda Nacional Republicana com forma\u00e7\u00e3o certificada no controlo de fronteiras.&#13;\n    <\/p>\n<p class=\"\">&#13;<br \/>\n        O minist\u00e9rio indica ainda que vai ser &#8220;aumentado em cerca de 30% a capacidade de equipamentos eletr\u00f3nicos e f\u00edsicos de controlo das fronteiras externas at\u00e9 ao m\u00e1ximo suportado pela atual infraestrutura aeroportu\u00e1ria&#8221;.&#13;\n    <\/p>\n","protected":false},"excerpt":{"rendered":"&#13; A Comiss\u00e3o Europeia disse\u00a0que vai pedir &#8220;mais detalhes&#8221; \u00e0s autoridades portuguesas sobre a suspens\u00e3o do\u00a0sistema europeu de&hellip;\n","protected":false},"author":2,"featured_media":208846,"comment_status":"","ping_status":"","sticky":false,"template":"","format":"standard","meta":{"footnotes":""},"categories":[10],"tags":[27,28,1835,1834,90,15,16,40930,14,25,26,797,21,22,40965,12,13,19,20,32,23,24,33,41074,17,18,29,30,31,636],"class_list":{"0":"post-208845","1":"post","2":"type-post","3":"status-publish","4":"format-standard","5":"has-post-thumbnail","7":"category-portugal","8":"tag-breaking-news","9":"tag-breakingnews","10":"tag-bruxelas","11":"tag-comissao-europeia","12":"tag-empresas","13":"tag-featured-news","14":"tag-featurednews","15":"tag-fundos-de-investimento","16":"tag-headlines","17":"tag-latest-news","18":"tag-latestnews","19":"tag-lisboa","20":"tag-main-news","21":"tag-mainnews","22":"tag-ministro-governo","23":"tag-news","24":"tag-noticias","25":"tag-noticias-principais","26":"tag-noticiasprincipais","27":"tag-portugal","28":"tag-principais-noticias","29":"tag-principaisnoticias","30":"tag-pt","31":"tag-recursos-terrestres","32":"tag-top-stories","33":"tag-topstories","34":"tag-ultimas","35":"tag-ultimas-noticias","36":"tag-ultimasnoticias","37":"tag-uniao-europeia"},"share_on_mastodon":{"url":"","error":"Validation failed: Text character limit of 500 exceeded"},"_links":{"self":[{"href":"https:\/\/www.europesays.com\/pt\/wp-json\/wp\/v2\/posts\/208845","targetHints":{"allow":["GET"]}}],"collection":[{"href":"https:\/\/www.europesays.com\/pt\/wp-json\/wp\/v2\/posts"}],"about":[{"href":"https:\/\/www.europesays.com\/pt\/wp-json\/wp\/v2\/types\/post"}],"author":[{"embeddable":true,"href":"https:\/\/www.europesays.com\/pt\/wp-json\/wp\/v2\/users\/2"}],"replies":[{"embeddable":true,"href":"https:\/\/www.europesays.com\/pt\/wp-json\/wp\/v2\/comments?post=208845"}],"version-history":[{"count":0,"href":"https:\/\/www.europesays.com\/pt\/wp-json\/wp\/v2\/posts\/208845\/revisions"}],"wp:featuredmedia":[{"embeddable":true,"href":"https:\/\/www.europesays.com\/pt\/wp-json\/wp\/v2\/media\/208846"}],"wp:attachment":[{"href":"https:\/\/www.europesays.com\/pt\/wp-json\/wp\/v2\/media?parent=208845"}],"wp:term":[{"taxonomy":"category","embeddable":true,"href":"https:\/\/www.europesays.com\/pt\/wp-json\/wp\/v2\/categories?post=208845"},{"taxonomy":"post_tag","embeddable":true,"href":"https:\/\/www.europesays.com\/pt\/wp-json\/wp\/v2\/tags?post=208845"}],"curies":[{"name":"wp","href":"https:\/\/api.w.org\/{rel}","templated":true}]}}