{"id":208849,"date":"2025-12-31T04:06:07","date_gmt":"2025-12-31T04:06:07","guid":{"rendered":"https:\/\/www.europesays.com\/pt\/208849\/"},"modified":"2025-12-31T04:06:07","modified_gmt":"2025-12-31T04:06:07","slug":"stranger-things-uma-decada-depois-fim-a-vista-televisao","status":"publish","type":"post","link":"https:\/\/www.europesays.com\/pt\/208849\/","title":{"rendered":"Stranger Things: uma d\u00e9cada depois, fim \u00e0 vista | Televis\u00e3o"},"content":{"rendered":"<p>Quase 10 anos ap\u00f3s a estreia, Stranger Things est\u00e1 quase a chegar ao fim. A Netflix divulgou esta quinta-feira um trailer do \u00faltimo epis\u00f3dio da s\u00e9rie, que dever\u00e1 estar dispon\u00edvel na plataforma de streaming em Portugal \u00e0 1 da manh\u00e3 do dia 1 de Janeiro de 2026.<\/p>\n<p>Intitulado Rightside Up, o cap\u00edtulo dever\u00e1 ser mais longo que muitos filmes, com uma dura\u00e7\u00e3o de mais de duas horas. No trailer \u00e9 poss\u00edvel ouvir Hopper (David Harbour) num discurso emocionante dirigido a Eleven (Millie Bobby Brown), enquanto revisitamos o percurso do grupo de jovens que protagoniza a s\u00e9rie at\u00e9 chegarem ao momento final decisivo, onde ir\u00e3o enfrentar Vecna para tentar restaurar a paz na cidade id\u00edlica e ficcional de Hawkins.<\/p>\n<p>        &#13;<br \/>\n            &#13;<\/p>\n<p>Os criadores da s\u00e9rie, Matt e Ross Duffer,<a href=\"https:\/\/variety.com\/2025\/tv\/news\/stranger-things-5-finale-trailer-eleven-vecna-1236617683\/\" rel=\"nofollow noopener\" target=\"_blank\"> numa entrevista \u00e0 revista Variety<\/a>, revelaram que a grande quest\u00e3o da temporada final de <a href=\"https:\/\/www.publico.pt\/2025\/11\/26\/culturaipsilon\/noticia\/stranger-things-deixamos-preocupar-bomba-2155807\" rel=\"nofollow noopener\" target=\"_blank\">Stranger Things<\/a> foi &#8220;como pode haver um final feliz para Eleven&#8221;, que, mesmo ap\u00f3s salvar Hawkins, ser\u00e1 sempre procurada pelos militares.<\/p>\n<p>A busca por uma vida normal &#8220;\u00e9 uma grande parte da jornada de Eleven&#8221;, cuja resolu\u00e7\u00e3o poder\u00e1 ser a chave para compreender o final da s\u00e9rie.<\/p>\n<p>Noutra entrevista, os irm\u00e3os cineastas disseram que o epis\u00f3dio final n\u00e3o ter\u00e1 como objectivo chocar ou perturbar os espectadores com mortes inesperadas.<\/p>\n<p>Stranger Things \u00e9 uma das s\u00e9ries mais populares de sempre da Netflix, com mais de 1,2 mil milh\u00f5es de visualiza\u00e7\u00f5es na plataforma de streaming. A 5.\u00aa temporada conquistou o recorde na categoria de s\u00e9ries de televis\u00e3o em l\u00edngua inglesa, com mais de 59,6 milh\u00f5es de visualiza\u00e7\u00f5es apenas nos primeiros cinco dias ap\u00f3s a estreia. Nas primeiras horas ap\u00f3s o lan\u00e7amento, a plataforma da Netflix ficou temporariamente congelada devido ao elevado volume de visualiza\u00e7\u00f5es.<\/p>\n","protected":false},"excerpt":{"rendered":"Quase 10 anos ap\u00f3s a estreia, Stranger Things est\u00e1 quase a chegar ao fim. A Netflix divulgou esta&hellip;\n","protected":false},"author":2,"featured_media":208850,"comment_status":"","ping_status":"","sticky":false,"template":"","format":"standard","meta":{"footnotes":""},"categories":[142],"tags":[34999,114,115,708,716,32,33,941,218,151],"class_list":{"0":"post-208849","1":"post","2":"type-post","3":"status-publish","4":"format-standard","5":"has-post-thumbnail","7":"category-tv","8":"tag-eleven","9":"tag-entertainment","10":"tag-entretenimento","11":"tag-impar","12":"tag-netflix","13":"tag-portugal","14":"tag-pt","15":"tag-series","16":"tag-televisao","17":"tag-tv"},"share_on_mastodon":{"url":"https:\/\/pubeurope.com\/@pt\/115812209984962935","error":""},"_links":{"self":[{"href":"https:\/\/www.europesays.com\/pt\/wp-json\/wp\/v2\/posts\/208849","targetHints":{"allow":["GET"]}}],"collection":[{"href":"https:\/\/www.europesays.com\/pt\/wp-json\/wp\/v2\/posts"}],"about":[{"href":"https:\/\/www.europesays.com\/pt\/wp-json\/wp\/v2\/types\/post"}],"author":[{"embeddable":true,"href":"https:\/\/www.europesays.com\/pt\/wp-json\/wp\/v2\/users\/2"}],"replies":[{"embeddable":true,"href":"https:\/\/www.europesays.com\/pt\/wp-json\/wp\/v2\/comments?post=208849"}],"version-history":[{"count":0,"href":"https:\/\/www.europesays.com\/pt\/wp-json\/wp\/v2\/posts\/208849\/revisions"}],"wp:featuredmedia":[{"embeddable":true,"href":"https:\/\/www.europesays.com\/pt\/wp-json\/wp\/v2\/media\/208850"}],"wp:attachment":[{"href":"https:\/\/www.europesays.com\/pt\/wp-json\/wp\/v2\/media?parent=208849"}],"wp:term":[{"taxonomy":"category","embeddable":true,"href":"https:\/\/www.europesays.com\/pt\/wp-json\/wp\/v2\/categories?post=208849"},{"taxonomy":"post_tag","embeddable":true,"href":"https:\/\/www.europesays.com\/pt\/wp-json\/wp\/v2\/tags?post=208849"}],"curies":[{"name":"wp","href":"https:\/\/api.w.org\/{rel}","templated":true}]}}