{"id":208857,"date":"2025-12-31T04:20:11","date_gmt":"2025-12-31T04:20:11","guid":{"rendered":"https:\/\/www.europesays.com\/pt\/208857\/"},"modified":"2025-12-31T04:20:11","modified_gmt":"2025-12-31T04:20:11","slug":"vitoria-surpresa-sergio-vinga-se-de-manuel-e-assume-em-tribunal-todos-os-crimes-que-cometeu-para-prejudicar-afonso-e-vitoria-novelas","status":"publish","type":"post","link":"https:\/\/www.europesays.com\/pt\/208857\/","title":{"rendered":"Vit\u00f3ria. Surpresa: S\u00e9rgio vinga-se de Manuel e assume em tribunal todos os crimes que cometeu para prejudicar Afonso e Vit\u00f3ria &#8211; Novelas"},"content":{"rendered":"<p>Chega, finalmente, o dia do julgamento de S\u00e9rgio (Afonso Pimentel). E o que vai acontecer em tribunal ser\u00e1 uma verdadeira surpresa. \u00c9 que perante o choque de toda a gente, o vil\u00e3o assume todos os crimes que cometeu para prejudicar Vit\u00f3ria (Cl\u00e1udia Vieira) e que acabaram por prejudicar tamb\u00e9m Afonso (Vicente Gil). <\/p>\n<p>        &#13;<\/p>\n<p>                        &#13;<br \/>\n                            <img decoding=\"async\" src=\"https:\/\/www.europesays.com\/pt\/wp-content\/uploads\/2025\/12\/img_220x220uu2025-10-16-11-24-59-396827.jpg\" class=\"img_fluid\" loading=\"lazy\" alt=\"\"\/>&#13;<\/p>\n<p class=\"title\">Ler tamb\u00e9m<\/p>\n<p>                    <a href=\"https:\/\/www.tvguia.pt\/novelas\/detalhe\/vitoria-acabou-tudo-joao-sai-de-casa-avanca-para-o-divorcio-de-isabel-e-engana-a-propria-filha\" class=\"streched_link\" title=\"\" content_list_position=\"1\" rel=\"nofollow noopener\" target=\"_blank\">Vit\u00f3ria. Acabou tudo: Jo\u00e3o sai de casa, avan\u00e7a para o div\u00f3rcio de Isabel e engana a pr\u00f3pria filha <\/a><\/p>\n<p>            &#13;<\/p>\n<p>A audi\u00eancia inicia-se e V\u00e2nia (Adriana Moniz) recusa-se a prestar declara\u00e7\u00f5es, ao contr\u00e1rio do que havia combinado com Jo\u00e3o (Jorge Corrula). Os Mendon\u00e7a ficam euf\u00f3ricos e nem Manuel (Jos\u00e9 Raposo) resiste a comentar:<b> \u201cO super advogado, hoje, sai daqui com umas bandarilhas no lombo\u201d<\/b>, atira. <\/p>\n<p>        &#13;<\/p>\n<p>                        &#13;<br \/>\n                            <img decoding=\"async\" src=\"https:\/\/www.europesays.com\/pt\/wp-content\/uploads\/2025\/12\/img_220x220uu2025-10-13-20-21-28-396604-im-639025724276107522.jpg\" class=\"img_fluid\" loading=\"lazy\" alt=\"\"\/>&#13;<\/p>\n<p class=\"title\">Ler tamb\u00e9m<\/p>\n<p>                    <a href=\"https:\/\/www.tvguia.pt\/novelas\/detalhe\/vitoria-choque-joao-descobre-que-raquel-o-traiu-e-vira-se-contra-a-socia-por-culpa-de-isabel\" class=\"streched_link\" title=\"\" content_list_position=\"2\" rel=\"nofollow noopener\" target=\"_blank\">Vit\u00f3ria. Choque: Jo\u00e3o descobre que Raquel o traiu e vira-se contra a s\u00f3cia por culpa de Isabel<\/a><\/p>\n<p>            &#13;<\/p>\n<p>Em seguida, chega o momento de o irm\u00e3o de Margarida (Joana Santos) depor e assume os crimes que cometeu. <b>\u201cO meu primeiro objetivo era prejudicar a senhora Vit\u00f3ria Silva. Eu n\u00e3o sou traficante. Penso que se nota, pela forma desastrada como fiz as coisas. Fi-lo porque queria que os filhos do meu irm\u00e3o mais velho, que morreu tragicamente, voltassem a morar connosco. \u00c9 importante para os meus pais, para a minha irm\u00e3&#8230;\u201d<\/b>, atira, calando-se por uns instantes.<\/p>\n<p>Mas ainda completa:<b> \u201cJ\u00e1 se fizeram tantas loucuras por amor, tantos disparates&#8230; Esta aqui \u00e9 mais uma para juntar \u00e0 lista.\u201d<\/b> <\/p>\n<p>        &#13;<\/p>\n<p>                        &#13;<br \/>\n                            <img decoding=\"async\" src=\"https:\/\/www.europesays.com\/pt\/wp-content\/uploads\/2025\/12\/img_220x220uu2025-12-29-02-30-20-401210.jpg\" class=\"img_fluid\" loading=\"lazy\" alt=\"\"\/>&#13;<\/p>\n<p class=\"title\">Ler tamb\u00e9m<\/p>\n<p>                    <a href=\"https:\/\/www.tvguia.pt\/novelas\/detalhe\/vitoria-acabou-tudo-marina-desmascara-isabel-e-promete-acabar-com-todos-os-crimes-da-rival-de-vitoria\" class=\"streched_link\" title=\"\" content_list_position=\"3\" rel=\"nofollow noopener\" target=\"_blank\">Vit\u00f3ria. Acabou tudo: Marina desmascara Isabel e promete acabar com todos os crimes da rival de Vit\u00f3ria <\/a><\/p>\n<p>            &#13;<\/p>\n<p>O juiz pergunta-lhe ent\u00e3o se sabia das consequ\u00eancias que a cunhada teria.<b> \u201cN\u00e3o avaliei bem as consequ\u00eancias. Por isso \u00e9 que envolvi o meu sobrinho Afonso nesta loucura. Encontrei-me com ele e disse o que tinha de dizer para convenc\u00ea-lo. O meu sobrinho agiu como eu lhe pedi, por ingenuidade. A culpa \u00e9 minha. E eu achava que era uma boa causa. Hoje, percebo que estava errado<\/b>\u201d, responde, deixando uma \u00faltima garantia: <b>\u201cSei que n\u00e3o mere\u00e7o desculpa, mas o arrependimento n\u00e3o me larga por um minuto. At\u00e9 a dormir tenho pesadelos pelo que fiz. Talvez um dia possamos falar sobre isto. Se calhar, fazia-nos bem a todos.\u201d <\/b>Entretanto, o juiz faz uma pausa antes de ler a senten\u00e7a. <\/p>\n<p>Saiba tudo sobre &#8216;Vit\u00f3ria&#8217; e as outras novelas na revista\u00a0<b>TV Guia<\/b>\u00a0desta semana, j\u00e1 nas bancas de Portugal, ou na vers\u00e3o digital,\u00a0<a href=\"https:\/\/assinaturas.xl.pt\/tv_guia\" rel=\"nofollow noopener\" target=\"_blank\">aqui<\/a>.\u00a0 \u00a0\u00a0<\/p>\n<p>            &#13;<br \/>\n                &#13;<br \/>\n&#13;<br \/>\n&#13;<br \/>\n    &#13;<br \/>\n&#13;<br \/>\n&#13;<\/p>\n","protected":false},"excerpt":{"rendered":"Chega, finalmente, o dia do julgamento de S\u00e9rgio (Afonso Pimentel). E o que vai acontecer em tribunal ser\u00e1&hellip;\n","protected":false},"author":2,"featured_media":208858,"comment_status":"","ping_status":"","sticky":false,"template":"","format":"standard","meta":{"footnotes":""},"categories":[142],"tags":[2795,211,1082,604,114,115,15217,41075,10266,32,33,218,299,151,40743,40877],"class_list":{"0":"post-208857","1":"post","2":"type-post","3":"status-publish","4":"format-standard","5":"has-post-thumbnail","7":"category-tv","8":"tag-a-heranca","9":"tag-celebridades","10":"tag-claudia-vieira","11":"tag-crime","12":"tag-entertainment","13":"tag-entretenimento","14":"tag-joana-santos","15":"tag-jose-afonso-dias-pimentel","16":"tag-jose-raposo","17":"tag-portugal","18":"tag-pt","19":"tag-televisao","20":"tag-tribunal","21":"tag-tv","22":"tag-tv-guia","23":"tag-vicente-gil"},"share_on_mastodon":{"url":"https:\/\/pubeurope.com\/@pt\/115812265054305420","error":""},"_links":{"self":[{"href":"https:\/\/www.europesays.com\/pt\/wp-json\/wp\/v2\/posts\/208857","targetHints":{"allow":["GET"]}}],"collection":[{"href":"https:\/\/www.europesays.com\/pt\/wp-json\/wp\/v2\/posts"}],"about":[{"href":"https:\/\/www.europesays.com\/pt\/wp-json\/wp\/v2\/types\/post"}],"author":[{"embeddable":true,"href":"https:\/\/www.europesays.com\/pt\/wp-json\/wp\/v2\/users\/2"}],"replies":[{"embeddable":true,"href":"https:\/\/www.europesays.com\/pt\/wp-json\/wp\/v2\/comments?post=208857"}],"version-history":[{"count":0,"href":"https:\/\/www.europesays.com\/pt\/wp-json\/wp\/v2\/posts\/208857\/revisions"}],"wp:featuredmedia":[{"embeddable":true,"href":"https:\/\/www.europesays.com\/pt\/wp-json\/wp\/v2\/media\/208858"}],"wp:attachment":[{"href":"https:\/\/www.europesays.com\/pt\/wp-json\/wp\/v2\/media?parent=208857"}],"wp:term":[{"taxonomy":"category","embeddable":true,"href":"https:\/\/www.europesays.com\/pt\/wp-json\/wp\/v2\/categories?post=208857"},{"taxonomy":"post_tag","embeddable":true,"href":"https:\/\/www.europesays.com\/pt\/wp-json\/wp\/v2\/tags?post=208857"}],"curies":[{"name":"wp","href":"https:\/\/api.w.org\/{rel}","templated":true}]}}