{"id":208859,"date":"2025-12-31T04:23:15","date_gmt":"2025-12-31T04:23:15","guid":{"rendered":"https:\/\/www.europesays.com\/pt\/208859\/"},"modified":"2025-12-31T04:23:15","modified_gmt":"2025-12-31T04:23:15","slug":"benfica-ja-conhece-preco-desejado-por-alvo-para-a-frente-de-ataque","status":"publish","type":"post","link":"https:\/\/www.europesays.com\/pt\/208859\/","title":{"rendered":"Benfica j\u00e1 conhece pre\u00e7o desejado por alvo para a frente de ataque"},"content":{"rendered":"<p>&#8211; Advertisement &#8211;<\/p>\n<p><strong>O Viktoria Plzen quer receber cerca de 12 milh\u00f5es de euros por Rafiu Durosinmi. Avan\u00e7ado nigeriano foi associado ao Benfica.<\/strong><\/p>\n<p>O Viktoria Plzen j\u00e1 definiu pre\u00e7o de Rafiu Durosinmi, avan\u00e7ado nigeriano que est\u00e1 <a href=\"https:\/\/bolanarede.pt\/especial-bola-na-rede\/atualidade\/benfica-quer-contratar-ponta-de-lanca-e-olha-para-avancado-nigeriano\/\" target=\"_blank\" rel=\"noreferrer noopener nofollow\">referenciado pelo Benfica<\/a>. Segundo o Maisfutebol, o emblema checo quer receber cerca de 12 milh\u00f5es de euros: 10 milh\u00f5es de euros fixos mais 2 milh\u00f5es de euros em objetivos.<\/p>\n<p>A ideia do Viktoria Plzen \u00e9 uma transfer\u00eancia em definitivo a rondar esses valores. J\u00e1 o Benfica considera alto, visto que que Rafiu Durosinmi termina contrato no final da presente temporada e poder\u00e1 assinar pr\u00e9-contrato com qualquer clube a partir de janeiro.<\/p>\n<p>Entretanto, o<a href=\"https:\/\/bolanarede.pt\/especial-bola-na-rede\/atualidade\/west-ham-de-nuno-espirito-santo-faz-proposta-de-137-milhoes-de-euros-por-alvo-do-benfica\/\" target=\"_blank\" rel=\"noreferrer noopener nofollow\"> West Ham de Nuno Esp\u00edrito Santo ter\u00e1 apresentado uma proposta de 13,7 milh\u00f5es de euros<\/a> por Rafiu Durosinmi, que tamb\u00e9m conta com o interesse da Lazio e do Estugarda.<\/p>\n<blockquote class=\"twitter-tweet\" data-width=\"550\" data-dnt=\"true\">\n<p lang=\"pt\" dir=\"ltr\">\ud83d\udea8 Viktoria Plzen pretende 10 milh\u00f5es de euros + 2 milh\u00f5es em vari\u00e1veis por Rafiu Durosinmi, revela o jornalista Bruno Andrade no <a href=\"https:\/\/twitter.com\/maisfutebol?ref_src=twsrc%5Etfw\" rel=\"nofollow noopener\" target=\"_blank\">@maisfutebol<\/a>.<br \/>O pre\u00e7o exigido pelo emblema checo \u00e9 considerado alto pelo Benfica, adianta a mesma fonte.<br \/>O ponta-de-lan\u00e7a de 22 anos est\u00e1 em final de\u2026 <a href=\"https:\/\/t.co\/MCFgzX7rgq\" rel=\"nofollow\">pic.twitter.com\/MCFgzX7rgq<\/a><\/p>\n<p>\u2014 Di\u00e1rio de Transfer\u00eancias (@DTransferencias) <a href=\"https:\/\/twitter.com\/DTransferencias\/status\/2005979669611282774?ref_src=twsrc%5Etfw\" rel=\"nofollow noopener\" target=\"_blank\">December 30, 2025<\/a><\/p><\/blockquote>\n<p><script async src=\"https:\/\/platform.twitter.com\/widgets.js\" charset=\"utf-8\"><\/script><\/p>\n","protected":false},"excerpt":{"rendered":"&#8211; Advertisement &#8211; O Viktoria Plzen quer receber cerca de 12 milh\u00f5es de euros por Rafiu Durosinmi. Avan\u00e7ado&hellip;\n","protected":false},"author":2,"featured_media":208860,"comment_status":"","ping_status":"","sticky":false,"template":"","format":"standard","meta":{"footnotes":""},"categories":[87],"tags":[260,51,135,32,479,33,40791,134,40793],"class_list":{"0":"post-208859","1":"post","2":"type-post","3":"status-publish","4":"format-standard","5":"has-post-thumbnail","7":"category-desporto","8":"tag-atualidade","9":"tag-benfica","10":"tag-desporto","11":"tag-portugal","12":"tag-primeira-liga","13":"tag-pt","14":"tag-rafiu-durosinmi","15":"tag-sports","16":"tag-viktoria-plzen"},"share_on_mastodon":{"url":"https:\/\/pubeurope.com\/@pt\/115812276848952092","error":""},"_links":{"self":[{"href":"https:\/\/www.europesays.com\/pt\/wp-json\/wp\/v2\/posts\/208859","targetHints":{"allow":["GET"]}}],"collection":[{"href":"https:\/\/www.europesays.com\/pt\/wp-json\/wp\/v2\/posts"}],"about":[{"href":"https:\/\/www.europesays.com\/pt\/wp-json\/wp\/v2\/types\/post"}],"author":[{"embeddable":true,"href":"https:\/\/www.europesays.com\/pt\/wp-json\/wp\/v2\/users\/2"}],"replies":[{"embeddable":true,"href":"https:\/\/www.europesays.com\/pt\/wp-json\/wp\/v2\/comments?post=208859"}],"version-history":[{"count":0,"href":"https:\/\/www.europesays.com\/pt\/wp-json\/wp\/v2\/posts\/208859\/revisions"}],"wp:featuredmedia":[{"embeddable":true,"href":"https:\/\/www.europesays.com\/pt\/wp-json\/wp\/v2\/media\/208860"}],"wp:attachment":[{"href":"https:\/\/www.europesays.com\/pt\/wp-json\/wp\/v2\/media?parent=208859"}],"wp:term":[{"taxonomy":"category","embeddable":true,"href":"https:\/\/www.europesays.com\/pt\/wp-json\/wp\/v2\/categories?post=208859"},{"taxonomy":"post_tag","embeddable":true,"href":"https:\/\/www.europesays.com\/pt\/wp-json\/wp\/v2\/tags?post=208859"}],"curies":[{"name":"wp","href":"https:\/\/api.w.org\/{rel}","templated":true}]}}