{"id":208865,"date":"2025-12-31T04:34:22","date_gmt":"2025-12-31T04:34:22","guid":{"rendered":"https:\/\/www.europesays.com\/pt\/208865\/"},"modified":"2025-12-31T04:34:22","modified_gmt":"2025-12-31T04:34:22","slug":"confusao-em-estudio-dylan-arrasa-lidia-em-pleno-direto-devia-estar-calada-e-agradecida-secret-story","status":"publish","type":"post","link":"https:\/\/www.europesays.com\/pt\/208865\/","title":{"rendered":"Confus\u00e3o em est\u00fadio! Dylan arrasa L\u00eddia em pleno direto: \u00abDevia estar calada e agradecida\u00bb &#8211; Secret Story"},"content":{"rendered":"<p data-end=\"758\" data-start=\"560\">A gala do <a href=\"https:\/\/tvi.iol.pt\/secretstory\/\" target=\"_blank\" rel=\"nofollow noopener\"><strong>Secret Story<\/strong><\/a>, apresentada por Cristina Ferreira este domingo, 28 de dezembro, acabou por ficar marcada por um confronto intenso entre dois ex-concorrentes: <strong>Dylan<\/strong> e <strong>L\u00eddia<\/strong>.<\/p>\n<p data-end=\"1070\" data-start=\"760\">Tudo come\u00e7ou quando L\u00eddia afirmou em direto que In\u00eas n\u00e3o merecia chegar \u00e0 final, comparou-a ao Noddy, pelo \u00ababanar da cabe\u00e7a com o sininho\u00bb e n\u00e3o poupou cr\u00edticas \u00e0 atual concorrente. As declara\u00e7\u00f5es n\u00e3o agradaram a Dylan, namorado de In\u00eas, que reagiu de forma dura e levou a discuss\u00e3o para um plano pessoal.<\/p>\n<p data-end=\"1460\" data-start=\"1072\">Visivelmente exaltado, o ex-concorrente n\u00e3o escondeu a revolta: <strong>\u00abA L\u00eddia \u00e9 tipo aqueles c\u00e3es que cospem no prato onde comem. Esquece-se daquilo que as pessoas fizeram por ela. Estou a falar da rela\u00e7\u00e3o que ela tem com a minha m\u00e3e. Se tivesse vergonha na cara, em vez de vir para aqui falar\u2026 Devia estar calada e agradecida\u00bb<\/strong>, disparou, acusando L\u00eddia de ingratid\u00e3o e de falta de respeito.<\/p>\n<p data-end=\"1736\" data-start=\"1462\">Perante as acusa\u00e7\u00f5es, L\u00eddia n\u00e3o fugiu ao confronto e respondeu \u00e0 letra: <strong>\u00abSe o Dylan tem alguma coisa a dizer e a m\u00e3e dele tamb\u00e9m, estou de portas abertas para falar. N\u00e3o preciso de c\u00e2maras para falar bem ou mal das pessoas\u00bb<\/strong>, atirou, garantindo que n\u00e3o tem nada a esconder.<\/p>\n<p data-end=\"2024\" data-start=\"1738\">O ambiente aqueceu ainda mais quando Dylan revelou que a ex-colega nem sequer o cumprimentou, deixando claro que a amizade entre ambos n\u00e3o est\u00e1 nos melhores termos. Entre trocas de farpas e picardias constantes, a tens\u00e3o tomou conta do est\u00fadio e o momento tornou-se um dos mais comentados da noite.<\/p>\n<p>Veja o momento aqui: <\/p>\n<p data-end=\"2113\" data-start=\"2026\">\u00a0<\/p>\n","protected":false},"excerpt":{"rendered":"A gala do Secret Story, apresentada por Cristina Ferreira este domingo, 28 de dezembro, acabou por ficar marcada&hellip;\n","protected":false},"author":2,"featured_media":208866,"comment_status":"","ping_status":"","sticky":false,"template":"","format":"standard","meta":{"footnotes":""},"categories":[142],"tags":[18706,19105,114,115,18705,19044,32,33,151,18704],"class_list":{"0":"post-208865","1":"post","2":"type-post","3":"status-publish","4":"format-standard","5":"has-post-thumbnail","7":"category-tv","8":"tag-bastidores-secret-story","9":"tag-dylan","10":"tag-entertainment","11":"tag-entretenimento","12":"tag-entrevistas-concorrentes-tvi","13":"tag-lidia","14":"tag-portugal","15":"tag-pt","16":"tag-tv","17":"tag-vida-fora-da-casa"},"share_on_mastodon":{"url":"https:\/\/pubeurope.com\/@pt\/115812320033443685","error":""},"_links":{"self":[{"href":"https:\/\/www.europesays.com\/pt\/wp-json\/wp\/v2\/posts\/208865","targetHints":{"allow":["GET"]}}],"collection":[{"href":"https:\/\/www.europesays.com\/pt\/wp-json\/wp\/v2\/posts"}],"about":[{"href":"https:\/\/www.europesays.com\/pt\/wp-json\/wp\/v2\/types\/post"}],"author":[{"embeddable":true,"href":"https:\/\/www.europesays.com\/pt\/wp-json\/wp\/v2\/users\/2"}],"replies":[{"embeddable":true,"href":"https:\/\/www.europesays.com\/pt\/wp-json\/wp\/v2\/comments?post=208865"}],"version-history":[{"count":0,"href":"https:\/\/www.europesays.com\/pt\/wp-json\/wp\/v2\/posts\/208865\/revisions"}],"wp:featuredmedia":[{"embeddable":true,"href":"https:\/\/www.europesays.com\/pt\/wp-json\/wp\/v2\/media\/208866"}],"wp:attachment":[{"href":"https:\/\/www.europesays.com\/pt\/wp-json\/wp\/v2\/media?parent=208865"}],"wp:term":[{"taxonomy":"category","embeddable":true,"href":"https:\/\/www.europesays.com\/pt\/wp-json\/wp\/v2\/categories?post=208865"},{"taxonomy":"post_tag","embeddable":true,"href":"https:\/\/www.europesays.com\/pt\/wp-json\/wp\/v2\/tags?post=208865"}],"curies":[{"name":"wp","href":"https:\/\/api.w.org\/{rel}","templated":true}]}}