{"id":208873,"date":"2025-12-31T04:48:07","date_gmt":"2025-12-31T04:48:07","guid":{"rendered":"https:\/\/www.europesays.com\/pt\/208873\/"},"modified":"2025-12-31T04:48:07","modified_gmt":"2025-12-31T04:48:07","slug":"dona-de-mim-saiba-o-que-acontece-com-sofia-apos-sequestro","status":"publish","type":"post","link":"https:\/\/www.europesays.com\/pt\/208873\/","title":{"rendered":"Dona de Mim: Saiba o que acontece com Sofia ap\u00f3s sequestro"},"content":{"rendered":"<p>Nos pr\u00f3ximos cap\u00edtulos da novela Dona de Mim, da Globo, Ellen (Camila Pitanga) tomou uma atitude radical ao sequestrar a pr\u00f3pria filha, Sofia (Elis Cabral), ap\u00f3s a pol\u00edcia descobrir os golpes que ela dava nas pessoas. Agora, o desfecho do sequestro acontece ap\u00f3s Ellen maltratar Sofia.<\/p>\n<p>Nas cenas, Ellen e Sofia reencontram Hudson fora do Rio de Janeiro. Ela consegue ficar alguns dias com a menina sem que o paradeiro deles seja revelado. Por\u00e9m, Sofia come\u00e7a a ficar incomodada de estar longe de casa e perturba Ellen.<\/p>\n<p>Um dia, Sofia se recusa a participar dos golpes da m\u00e3e e do padrasto e Ellen perde a paci\u00eancia. Ela vai maltratar a garota, que ficar\u00e1 assustada e pedir\u00e1 para voltar para casa. Depois de um tempo, Ellen tenta fazer chantagem emocional com a menina, mas decide devolv\u00ea-la para a fam\u00edlia Boaz.<\/p>\n<p>Ellen volta com Sofia para o Rio de Janeiro e as duas param em uma lanchonete. A atendente reconhece a mulher e chama a pol\u00edcia. Quando a viatura se aproxima, Ellen foge do local e deixa Sofia sozinha.<\/p>\n<p><strong>Leia tamb\u00e9m<\/strong>: <a href=\"https:\/\/caras.com.br\/novelas\/ator-de-dona-de-mim-e-substituido-pelo-irmao-gemeo-em-cenas-da-novela.phtml\" rel=\"nofollow noopener\" target=\"_blank\">Ator de Dona de Mim \u00e9 substitu\u00eddo pelo irm\u00e3o g\u00eameo em cenas da novela<\/a><\/p>\n<p>Quem fica com Sofia no final de Dona de Mim?<\/p>\n<p>Na reta final da novela <a href=\"https:\/\/caras.com.br\/tags\/dona-de-mim\" rel=\"nofollow noopener\" target=\"_blank\">Dona de Mim<\/a>, da Globo, Leo (<strong>Clara Moneke<\/strong>) vai decidir quem \u00e9 o seu grande amor e formar\u00e1 uma fam\u00edlia. Depois de viver romances de idas e vindas com Marlon (<strong>Humberto Morais<\/strong>) e Samuel (<strong>Juan Paiva<\/strong>), ela escolhe seu grande amor e se torna m\u00e3e.<\/p>\n<p>Nas cenas, de acordo com a colunista Carla Bittencourt, do Portal Leo Dias, Leo decide formar um casal com Samuel. Os dois reatam o namoro e vivem felizes para sempre. E a felicidade deles ser\u00e1 ainda maior porque os dois conseguem a guarda definitiva de Sofia (<strong>Elis Cabral<\/strong>) e se tornam os pais da garotinha.<\/p>\n<p>Os dois ficam juntos novamente depois de uma batalha judicial pela guarda de Sofia, que acontecer\u00e1 na reta final da novela.<\/p>\n<p><strong>Leia tamb\u00e9m<\/strong>: <a href=\"https:\/\/caras.com.br\/novelas\/tres-gracas-viviane-e-leonardo-vivem-primeira-noite-juntos-veja-detalhes.phtml\" rel=\"nofollow noopener\" target=\"_blank\">Tr\u00eas Gra\u00e7as: Viviane e Leonardo vivem primeira noite juntos; veja detalhes<\/a><\/p>\n<p>        <a href=\"https:\/\/caras.com.br\/autor\/priscilla-comoti\" rel=\"nofollow noopener\" target=\"_blank\">&#13;<br \/>\n          <img loading=\"lazy\" alt=\"Priscilla Comoti\" src=\"https:\/\/www.europesays.com\/pt\/wp-content\/uploads\/2025\/12\/1767156487_30_e53883bdf02c542f6517b68879e8cb08b27a1d55c4dfd53577e47d3ab6331a06.png\"  class=\"avatar avatar-115 photo rounded-circle mr-3\" height=\"115\" width=\"115\" decoding=\"async\"\/>        <\/a><\/p>\n<p>Priscilla Comoti \u00e9 editora de conte\u00fado do site CARAS. Ela \u00e9 formada em jornalismo e em audiovisual, j\u00e1 passou pelos sites Contigo!, Minha Novela, TiTiTi, Mais Novela e Portal M\u00e1rcia Piovesan. Escreve sobre celebridades, not\u00edcias sobre a fam\u00edlia real brit\u00e2nica, TV, reality show e novelas.<\/p>\n","protected":false},"excerpt":{"rendered":"Nos pr\u00f3ximos cap\u00edtulos da novela Dona de Mim, da Globo, Ellen (Camila Pitanga) tomou uma atitude radical ao&hellip;\n","protected":false},"author":2,"featured_media":208874,"comment_status":"","ping_status":"","sticky":false,"template":"","format":"standard","meta":{"footnotes":""},"categories":[142],"tags":[1718,114,115,32,33,16075,16076,151],"class_list":{"0":"post-208873","1":"post","2":"type-post","3":"status-publish","4":"format-standard","5":"has-post-thumbnail","7":"category-tv","8":"tag-dona-de-mim","9":"tag-entertainment","10":"tag-entretenimento","11":"tag-portugal","12":"tag-pt","13":"tag-resumo-da-novela","14":"tag-resumo-dos-capitulos","15":"tag-tv"},"share_on_mastodon":{"url":"https:\/\/pubeurope.com\/@pt\/115812375115620700","error":""},"_links":{"self":[{"href":"https:\/\/www.europesays.com\/pt\/wp-json\/wp\/v2\/posts\/208873","targetHints":{"allow":["GET"]}}],"collection":[{"href":"https:\/\/www.europesays.com\/pt\/wp-json\/wp\/v2\/posts"}],"about":[{"href":"https:\/\/www.europesays.com\/pt\/wp-json\/wp\/v2\/types\/post"}],"author":[{"embeddable":true,"href":"https:\/\/www.europesays.com\/pt\/wp-json\/wp\/v2\/users\/2"}],"replies":[{"embeddable":true,"href":"https:\/\/www.europesays.com\/pt\/wp-json\/wp\/v2\/comments?post=208873"}],"version-history":[{"count":0,"href":"https:\/\/www.europesays.com\/pt\/wp-json\/wp\/v2\/posts\/208873\/revisions"}],"wp:featuredmedia":[{"embeddable":true,"href":"https:\/\/www.europesays.com\/pt\/wp-json\/wp\/v2\/media\/208874"}],"wp:attachment":[{"href":"https:\/\/www.europesays.com\/pt\/wp-json\/wp\/v2\/media?parent=208873"}],"wp:term":[{"taxonomy":"category","embeddable":true,"href":"https:\/\/www.europesays.com\/pt\/wp-json\/wp\/v2\/categories?post=208873"},{"taxonomy":"post_tag","embeddable":true,"href":"https:\/\/www.europesays.com\/pt\/wp-json\/wp\/v2\/tags?post=208873"}],"curies":[{"name":"wp","href":"https:\/\/api.w.org\/{rel}","templated":true}]}}